{"id":1137,"date":"2016-02-17T13:23:57","date_gmt":"2016-02-17T13:23:57","guid":{"rendered":"http:\/\/aeal.edu.pt\/?p=1137"},"modified":"2016-02-17T13:23:57","modified_gmt":"2016-02-17T13:23:57","slug":"aluna-do-9oa-premiada-no-concurso-desafios-do-alea","status":"publish","type":"post","link":"http:\/\/aeal.edu.pt\/portal\/aluna-do-9oa-premiada-no-concurso-desafios-do-alea\/","title":{"rendered":"&#8220;Desafios do ALEA&#8221; &#8211; Aluna do 9\u00baA premiada"},"content":{"rendered":"<p>Ao longo do ano letivo, concorreram ao concurso \u201cDesafios do ALEA\u201d alguns alunos do nosso Agrupamento. Trata-se de um concurso <em>on-line<\/em> no \u00e2mbito da Matem\u00e1tica cujo tema \u00e9 a Estat\u00edstica. Para participar, acede-se \u00e0 p\u00e1gina da A\u00e7\u00e3o Local de Estat\u00edstica Aplicada (ALEA), na qual s\u00e3o colocadas v\u00e1rias quest\u00f5es relativas a problemas do dia-a-dia, baseados em not\u00edcias recentes publicadas em \u00f3rg\u00e3os de comunica\u00e7\u00e3o social. No primeiro per\u00edodo, a Maria Eduarda Andrade, aluna do 9\u00ba A, foi premiada no n\u00edvel I (ensino b\u00e1sico), tendo a sua resposta sido selecionada como exemplo de resposta correta de entre os 590 alunos de v\u00e1rias escolas de todo o pa\u00eds que concorreram tamb\u00e9m neste n\u00edvel. No segundo per\u00edodo, foram premiados os alunos Sophie Pousinho, do 9\u00ba A (no n\u00edvel I), e Jo\u00e3o Branco, do 11\u00ba CT1 (no n\u00edvel II, ensino secund\u00e1rio).Todos os alunos do nosso Agrupamento que concorreram e que responderam corretamente \u00e0s v\u00e1rias quest\u00f5es colocadas ao longo do ano letivo ficar\u00e3o habilitados ao pr\u00e9mio final deste concurso.<\/p>\n<p>Parab\u00e9ns aos premiados e, tamb\u00e9m, a todos os que concorreram com empenho!<\/p>\n","protected":false},"excerpt":{"rendered":"<p>Ao longo do ano letivo, concorreram ao concurso \u201cDesafios do ALEA\u201d alguns alunos do nosso Agrupamento. Trata-se de um concurso on-line no \u00e2mbito da Matem\u00e1tica cujo tema \u00e9 a Estat\u00edstica. Para participar, acede-se \u00e0 p\u00e1gina da A\u00e7\u00e3o Local de Estat\u00edstica Aplicada (ALEA), na qual s\u00e3o&nbsp;<a href=\"http:\/\/aeal.edu.pt\/portal\/aluna-do-9oa-premiada-no-concurso-desafios-do-alea\/\">&hellip;<\/a><\/p>\n","protected":false},"author":3,"featured_media":1149,"comment_status":"closed","ping_status":"closed","sticky":false,"template":"","format":"standard","meta":{"footnotes":""},"categories":[12],"tags":[],"class_list":["post-1137","post","type-post","status-publish","format-standard","has-post-thumbnail","hentry","category-geral","odd"],"_links":{"self":[{"href":"http:\/\/aeal.edu.pt\/portal\/wp-json\/wp\/v2\/posts\/1137","targetHints":{"allow":["GET"]}}],"collection":[{"href":"http:\/\/aeal.edu.pt\/portal\/wp-json\/wp\/v2\/posts"}],"about":[{"href":"http:\/\/aeal.edu.pt\/portal\/wp-json\/wp\/v2\/types\/post"}],"author":[{"embeddable":true,"href":"http:\/\/aeal.edu.pt\/portal\/wp-json\/wp\/v2\/users\/3"}],"replies":[{"embeddable":true,"href":"http:\/\/aeal.edu.pt\/portal\/wp-json\/wp\/v2\/comments?post=1137"}],"version-history":[{"count":0,"href":"http:\/\/aeal.edu.pt\/portal\/wp-json\/wp\/v2\/posts\/1137\/revisions"}],"wp:featuredmedia":[{"embeddable":true,"href":"http:\/\/aeal.edu.pt\/portal\/wp-json\/wp\/v2\/media\/1149"}],"wp:attachment":[{"href":"http:\/\/aeal.edu.pt\/portal\/wp-json\/wp\/v2\/media?parent=1137"}],"wp:term":[{"taxonomy":"category","embeddable":true,"href":"http:\/\/aeal.edu.pt\/portal\/wp-json\/wp\/v2\/categories?post=1137"},{"taxonomy":"post_tag","embeddable":true,"href":"http:\/\/aeal.edu.pt\/portal\/wp-json\/wp\/v2\/tags?post=1137"}],"curies":[{"name":"wp","href":"https:\/\/api.w.org\/{rel}","templated":true}]}}