{"id":1202,"date":"2016-03-17T10:42:14","date_gmt":"2016-03-17T10:42:14","guid":{"rendered":"http:\/\/aeal.edu.pt\/?p=1202"},"modified":"2016-03-17T10:42:14","modified_gmt":"2016-03-17T10:42:14","slug":"investigacao-cientifica-biodiversidade-da-antartida","status":"publish","type":"post","link":"http:\/\/aeal.edu.pt\/portal\/investigacao-cientifica-biodiversidade-da-antartida\/","title":{"rendered":"Investiga\u00e7\u00e3o cient\u00edfica- Biodiversidade&#8230;"},"content":{"rendered":"<p><strong>Investiga\u00e7\u00e3o cient\u00edfica- Biodiversidade da Ant\u00e1rtida<\/strong><\/p>\n<p>No dia 16 de mar\u00e7o tivemos o privil\u00e9gio de ter entre n\u00f3s o cientista Polar, Dr. Jos\u00e9 Seco, acompanhado por dois alunos de mestrado em Ci\u00eancia Polar: Jos\u00e9 Queiroz e Jorge Pereira, co dinamizando duas sess\u00f5es da palestra para os 8\u00bas anos, no audit\u00f3rio da escola.<br \/>\nO Dr. Jos\u00e9 Seco, chegado recentemente de mais uma expedi\u00e7\u00e3o na Ant\u00e1rtida, onde esteve 7 semanas, partilhou connosco as mais recentes experi\u00eancias das investiga\u00e7\u00f5es que se fazem em Ci\u00eancia Polar, um trabalho colaborativo que envolve cientistas portugueses e de v\u00e1rias outras nacionalidades.<br \/>\nA Ant\u00e1rtida \u00e9 um local fant\u00e1stico, onde a ci\u00eancia se constr\u00f3i em condi\u00e7\u00f5es extremas. Os alunos ficaram elucidados acerca da enorme biodiversidade que ali habita, entendendo as condi\u00e7\u00f5es das investiga\u00e7\u00f5es em curso, passando por preocupa\u00e7\u00f5es ambientais, comoo degelo, a crescente contamina\u00e7\u00e3o em metais pesados na cadeia tr\u00f3fica, a acidifica\u00e7\u00e3o dos oceanos e as implica\u00e7\u00f5es desta nas formas de vida. Curiosidades sobre os trabalhos de mestrado em curso, tanto na \u00e1rea da Biologia como da Geografia, foram explicitadas pelos implicados. Entendeu-se que as equipas de trabalho s\u00e3o multidisciplinares e a \u201cfam\u00edlia da Ant\u00e1rtida\u201d s\u00e3o pessoas com uma enorme capacidade de trabalho, de entreajuda, com muito gosto pelo que fazem e com a enorme humildade que t\u00eam em partilhar com os jovens nas escolas pormenores interessantes do que fazem em ci\u00eancia e do seu percurso.<\/p>\n<p>A linguagem foi clara e acess\u00edvel, deixando uma enorme motiva\u00e7\u00e3o para o trabalho, pois todos ficaram cientes da import\u00e2ncia da escola em despertar voca\u00e7\u00f5es, nas mais diversas \u00e1reas. Qualquer um pode ser vir a ser investigador e dar o seu contributo para que o planeta seja mais sustent\u00e1vel, assim n\u00f3s queiramos!<\/p>\n","protected":false},"excerpt":{"rendered":"<p>Investiga\u00e7\u00e3o cient\u00edfica- Biodiversidade da Ant\u00e1rtida No dia 16 de mar\u00e7o tivemos o privil\u00e9gio de ter entre n\u00f3s o cientista Polar, Dr. Jos\u00e9 Seco, acompanhado por dois alunos de mestrado em Ci\u00eancia Polar: Jos\u00e9 Queiroz e Jorge Pereira, co dinamizando duas sess\u00f5es da palestra para os&nbsp;<a href=\"http:\/\/aeal.edu.pt\/portal\/investigacao-cientifica-biodiversidade-da-antartida\/\">&hellip;<\/a><\/p>\n","protected":false},"author":2,"featured_media":1203,"comment_status":"closed","ping_status":"closed","sticky":false,"template":"","format":"standard","meta":{"footnotes":""},"categories":[15],"tags":[],"class_list":["post-1202","post","type-post","status-publish","format-standard","has-post-thumbnail","hentry","category-2o-3o-ciclo","odd"],"_links":{"self":[{"href":"http:\/\/aeal.edu.pt\/portal\/wp-json\/wp\/v2\/posts\/1202","targetHints":{"allow":["GET"]}}],"collection":[{"href":"http:\/\/aeal.edu.pt\/portal\/wp-json\/wp\/v2\/posts"}],"about":[{"href":"http:\/\/aeal.edu.pt\/portal\/wp-json\/wp\/v2\/types\/post"}],"author":[{"embeddable":true,"href":"http:\/\/aeal.edu.pt\/portal\/wp-json\/wp\/v2\/users\/2"}],"replies":[{"embeddable":true,"href":"http:\/\/aeal.edu.pt\/portal\/wp-json\/wp\/v2\/comments?post=1202"}],"version-history":[{"count":0,"href":"http:\/\/aeal.edu.pt\/portal\/wp-json\/wp\/v2\/posts\/1202\/revisions"}],"wp:featuredmedia":[{"embeddable":true,"href":"http:\/\/aeal.edu.pt\/portal\/wp-json\/wp\/v2\/media\/1203"}],"wp:attachment":[{"href":"http:\/\/aeal.edu.pt\/portal\/wp-json\/wp\/v2\/media?parent=1202"}],"wp:term":[{"taxonomy":"category","embeddable":true,"href":"http:\/\/aeal.edu.pt\/portal\/wp-json\/wp\/v2\/categories?post=1202"},{"taxonomy":"post_tag","embeddable":true,"href":"http:\/\/aeal.edu.pt\/portal\/wp-json\/wp\/v2\/tags?post=1202"}],"curies":[{"name":"wp","href":"https:\/\/api.w.org\/{rel}","templated":true}]}}