{"id":1305,"date":"2016-06-17T10:34:58","date_gmt":"2016-06-17T10:34:58","guid":{"rendered":"http:\/\/aeal.edu.pt\/?p=1305"},"modified":"2016-06-17T10:34:58","modified_gmt":"2016-06-17T10:34:58","slug":"alunos-do-9oa-vencedores-do-projeto-o-parque-vai-a-escola","status":"publish","type":"post","link":"http:\/\/aeal.edu.pt\/portal\/alunos-do-9oa-vencedores-do-projeto-o-parque-vai-a-escola\/","title":{"rendered":"Alunos do 9\u00baA vencem projeto"},"content":{"rendered":"<p>Os alunos Alfredo Coelho, Carolina Fernandes, Nuno Carvalhinho e Duarte Antunes, da turma do 9.\u00baA, foram os vencedores do projeto \u201cO parque vai \u00e0 Escola\u201d da iniciativa do Parque Natural do Tejo Internacional.<\/p>\n<p>O projeto, que envolveu a realiza\u00e7\u00e3o de um postal de divulga\u00e7\u00e3o do parque, foi proposto pelo Parque Natural do Tejo Internacional na pessoa da Engenheira C\u00e9lia Teixeira, e contou com a colabora\u00e7\u00e3o e orienta\u00e7\u00e3o da professora de Geografia, Cacilda Basto.<\/p>\n<p>No projeto participaram as quatro turmas de 9.\u00ba ano de escolaridade do Agrupamento, que tamb\u00e9m estiveram presentes na atividade de encerramento no dia 3 de junho no Centro de Interpreta\u00e7\u00e3o Ambiental do Parque Natural do Tejo Internacional.<\/p>\n<p>Parab\u00e9ns a todos os alunos.<\/p>\n<p><a href=\"http:\/\/aeal.edu.pt\/portal\/wp-content\/uploads\/2016\/06\/parque2.jpg\"><img fetchpriority=\"high\" decoding=\"async\" class=\"aligncenter size-full wp-image-1314\" src=\"http:\/\/aeal.edu.pt\/portal\/wp-content\/uploads\/2016\/06\/parque2.jpg\" alt=\"parque2\" width=\"797\" height=\"452\" srcset=\"http:\/\/aeal.edu.pt\/portal\/wp-content\/uploads\/2016\/06\/parque2.jpg 797w, http:\/\/aeal.edu.pt\/portal\/wp-content\/uploads\/2016\/06\/parque2-300x170.jpg 300w\" sizes=\"(max-width: 797px) 100vw, 797px\" \/><\/a><\/p>\n","protected":false},"excerpt":{"rendered":"<p>Os alunos Alfredo Coelho, Carolina Fernandes, Nuno Carvalhinho e Duarte Antunes, da turma do 9.\u00baA, foram os vencedores do projeto \u201cO parque vai \u00e0 Escola\u201d da iniciativa do Parque Natural do Tejo Internacional. O projeto, que envolveu a realiza\u00e7\u00e3o de um postal de divulga\u00e7\u00e3o do&nbsp;<a href=\"http:\/\/aeal.edu.pt\/portal\/alunos-do-9oa-vencedores-do-projeto-o-parque-vai-a-escola\/\">&hellip;<\/a><\/p>\n","protected":false},"author":3,"featured_media":1309,"comment_status":"closed","ping_status":"closed","sticky":false,"template":"","format":"standard","meta":{"footnotes":""},"categories":[12],"tags":[],"class_list":["post-1305","post","type-post","status-publish","format-standard","has-post-thumbnail","hentry","category-geral","odd"],"_links":{"self":[{"href":"http:\/\/aeal.edu.pt\/portal\/wp-json\/wp\/v2\/posts\/1305","targetHints":{"allow":["GET"]}}],"collection":[{"href":"http:\/\/aeal.edu.pt\/portal\/wp-json\/wp\/v2\/posts"}],"about":[{"href":"http:\/\/aeal.edu.pt\/portal\/wp-json\/wp\/v2\/types\/post"}],"author":[{"embeddable":true,"href":"http:\/\/aeal.edu.pt\/portal\/wp-json\/wp\/v2\/users\/3"}],"replies":[{"embeddable":true,"href":"http:\/\/aeal.edu.pt\/portal\/wp-json\/wp\/v2\/comments?post=1305"}],"version-history":[{"count":0,"href":"http:\/\/aeal.edu.pt\/portal\/wp-json\/wp\/v2\/posts\/1305\/revisions"}],"wp:featuredmedia":[{"embeddable":true,"href":"http:\/\/aeal.edu.pt\/portal\/wp-json\/wp\/v2\/media\/1309"}],"wp:attachment":[{"href":"http:\/\/aeal.edu.pt\/portal\/wp-json\/wp\/v2\/media?parent=1305"}],"wp:term":[{"taxonomy":"category","embeddable":true,"href":"http:\/\/aeal.edu.pt\/portal\/wp-json\/wp\/v2\/categories?post=1305"},{"taxonomy":"post_tag","embeddable":true,"href":"http:\/\/aeal.edu.pt\/portal\/wp-json\/wp\/v2\/tags?post=1305"}],"curies":[{"name":"wp","href":"https:\/\/api.w.org\/{rel}","templated":true}]}}