{"id":1426,"date":"2016-09-14T08:08:32","date_gmt":"2016-09-14T07:08:32","guid":{"rendered":"http:\/\/aeal.edu.pt\/?p=1426"},"modified":"2016-09-14T08:08:32","modified_gmt":"2016-09-14T07:08:32","slug":"abertura-do-ano-letivo","status":"publish","type":"post","link":"http:\/\/aeal.edu.pt\/portal\/abertura-do-ano-letivo\/","title":{"rendered":"Abertura do Ano Letivo"},"content":{"rendered":"<p>In\u00edcio das aulas para todos os alunos do Agrupamento: <strong>15 de setembro<\/strong>.<\/p>\n<p>&nbsp;<\/p>\n<h3>Calend\u00e1rio da Recep\u00e7\u00e3o aos Alunos e Encarregados de Educa\u00e7\u00e3o no Agrupamento<\/h3>\n<p><strong>Recep\u00e7\u00e3o aos Alunos e Encarregados de Educa\u00e7\u00e3o na Escola B\u00e1sica Jo\u00e3o Roiz 2\u00ba e 3\u00ba Ciclo<\/strong><\/p>\n<p><a href=\"https:\/\/drive.google.com\/file\/d\/0ByaDmO467UYJaVFnWlJHZ3IwR3c\/view?usp=sharing\">https:\/\/drive.google.com\/file\/d\/0ByaDmO467UYJaVFnWlJHZ3IwR3c\/view?usp=sharing<\/a><\/p>\n<p><strong>Recep\u00e7\u00e3o aos Alunos e Encarregados de Educa\u00e7\u00e3o nas Escolas do 1\u00baCiclo<\/strong><\/p>\n<p><a href=\"https:\/\/drive.google.com\/file\/d\/0ByaDmO467UYJSGZCd2ZISlIwUU0\/view?usp=sharing\">https:\/\/drive.google.com\/file\/d\/0ByaDmO467UYJaVFnWlJHZ3IwR3c\/view?usp=sharing<\/a><\/p>\n<p><strong>Recep\u00e7\u00e3o aos Alunos e Encarregados de Educa\u00e7\u00e3o na Escola Amato Lusitano\u00a0para os 9\u00ba\/CEF e Vocacional<\/strong><\/p>\n<p>https:\/\/drive.google.com\/file\/d\/0ByaDmO467UYJVV9JRTQxa1pYSGc\/view?usp=sharing<\/p>\n<p><strong>Recep\u00e7\u00e3o aos Alunos e Encarregados de Educa\u00e7\u00e3o na Escola\u00a0Amato Lusitano Secund\u00e1rio e Profissional<\/strong><\/p>\n<p>https:\/\/drive.google.com\/file\/d\/0ByaDmO467UYJbGZkMVFWR0dKbHc\/view?usp=sharing<\/p>\n","protected":false},"excerpt":{"rendered":"<p>In\u00edcio das aulas para todos os alunos do Agrupamento: 15 de setembro. &nbsp; Calend\u00e1rio da Recep\u00e7\u00e3o aos Alunos e Encarregados de Educa\u00e7\u00e3o no Agrupamento Recep\u00e7\u00e3o aos Alunos e Encarregados de Educa\u00e7\u00e3o na Escola B\u00e1sica Jo\u00e3o Roiz 2\u00ba e 3\u00ba Ciclo https:\/\/drive.google.com\/file\/d\/0ByaDmO467UYJaVFnWlJHZ3IwR3c\/view?usp=sharing Recep\u00e7\u00e3o aos Alunos e&nbsp;<a href=\"http:\/\/aeal.edu.pt\/portal\/abertura-do-ano-letivo\/\">&hellip;<\/a><\/p>\n","protected":false},"author":2,"featured_media":1356,"comment_status":"closed","ping_status":"closed","sticky":false,"template":"","format":"standard","meta":{"footnotes":""},"categories":[12],"tags":[],"class_list":["post-1426","post","type-post","status-publish","format-standard","has-post-thumbnail","hentry","category-geral","odd"],"_links":{"self":[{"href":"http:\/\/aeal.edu.pt\/portal\/wp-json\/wp\/v2\/posts\/1426","targetHints":{"allow":["GET"]}}],"collection":[{"href":"http:\/\/aeal.edu.pt\/portal\/wp-json\/wp\/v2\/posts"}],"about":[{"href":"http:\/\/aeal.edu.pt\/portal\/wp-json\/wp\/v2\/types\/post"}],"author":[{"embeddable":true,"href":"http:\/\/aeal.edu.pt\/portal\/wp-json\/wp\/v2\/users\/2"}],"replies":[{"embeddable":true,"href":"http:\/\/aeal.edu.pt\/portal\/wp-json\/wp\/v2\/comments?post=1426"}],"version-history":[{"count":0,"href":"http:\/\/aeal.edu.pt\/portal\/wp-json\/wp\/v2\/posts\/1426\/revisions"}],"wp:featuredmedia":[{"embeddable":true,"href":"http:\/\/aeal.edu.pt\/portal\/wp-json\/wp\/v2\/media\/1356"}],"wp:attachment":[{"href":"http:\/\/aeal.edu.pt\/portal\/wp-json\/wp\/v2\/media?parent=1426"}],"wp:term":[{"taxonomy":"category","embeddable":true,"href":"http:\/\/aeal.edu.pt\/portal\/wp-json\/wp\/v2\/categories?post=1426"},{"taxonomy":"post_tag","embeddable":true,"href":"http:\/\/aeal.edu.pt\/portal\/wp-json\/wp\/v2\/tags?post=1426"}],"curies":[{"name":"wp","href":"https:\/\/api.w.org\/{rel}","templated":true}]}}