{"id":1502,"date":"2016-10-14T10:53:30","date_gmt":"2016-10-14T09:53:30","guid":{"rendered":"http:\/\/aeal.edu.pt\/?p=1502"},"modified":"2016-10-14T10:53:30","modified_gmt":"2016-10-14T09:53:30","slug":"dia-mundial-do-professor","status":"publish","type":"post","link":"http:\/\/aeal.edu.pt\/portal\/dia-mundial-do-professor\/","title":{"rendered":"Dia Mundial do Professor"},"content":{"rendered":"<p>No dia 5 de outubro n\u00e3o se celebra apenas a Implanta\u00e7\u00e3o da Rep\u00fablica, comemora-se, tamb\u00e9m, o Dia Mundial do Professor. A data foi institu\u00edda pela UNESCO, em 1994, com o objetivo de chamar a aten\u00e7\u00e3o para o importante papel que os professores t\u00eam na sociedade e na instru\u00e7\u00e3o da popula\u00e7\u00e3o. <strong><em>Valorizar os professores e melhorar a sua situa\u00e7\u00e3o<\/em><\/strong> foi a mensagem escolhida pelos diretores da UNESCO (Organiza\u00e7\u00e3o das Na\u00e7\u00f5es Unidas para a Educa\u00e7\u00e3o, a Ci\u00eancia e a Cultura), OIT (Organiza\u00e7\u00e3o Internacional do Trabalho), UNICEF (Fundo das Na\u00e7\u00f5es Unidas para a Inf\u00e2ncia), PNUD (Programa das Na\u00e7\u00f5es Unidas para o Desenvolvimento) e <em>Education International<\/em>, para este ano.<\/p>\n<p>No nosso agrupamento esta data n\u00e3o foi esquecida. Alguns alunos do clube escolar<em> Contos, Leituras e Outras Travessuras <\/em>prestaram homenagem aos docentes, na sala de professores, declamando alguns poemas alusivos \u00e0 data.\u00a0Alguns dos textos s\u00e3o in\u00e9ditos e foram criados para esta ocasi\u00e3o pela aluna Maria Fernandes do 6\u00baB.\u00a0No final, os jovens ofereceram um marcador de livros e um bombom a todos os presentes. Uma doce lembran\u00e7a, um mimo, um gesto bem acolhido por uma classe profissional muitas vezes desvalorizada.<\/p>\n<p style=\"text-align: center;\"><strong>O Bom Professor<\/strong><\/p>\n<p style=\"text-align: center;\">O bom professor n\u00e3o \u00e9 aquele que ensina s\u00f3 os interessados,<\/p>\n<p style=\"text-align: center;\">Mas o que inspira os desinteressados.<\/p>\n<p style=\"text-align: center;\">A estrada da vida tenta ensinar<\/p>\n<p style=\"text-align: center;\">E se dela se desviar,<\/p>\n<p style=\"text-align: center;\">Ensinar\u00e1 um atalho para continuar!<\/p>\n<p style=\"text-align: center;\">De alguns professores<\/p>\n<p style=\"text-align: center;\">Nunca te vais esquecer<\/p>\n<p style=\"text-align: center;\">E contar\u00e1s hist\u00f3rias do tempo em que aprendeste a ler.<\/p>\n<p style=\"text-align: center;\">Mas essa pessoa um dia vai desaparecer<\/p>\n<p style=\"text-align: center;\">Por isso, aproveita agora para aprender!<\/p>\n<p style=\"text-align: center;\">E se esse professor for o senhor?<\/p>\n<p style=\"text-align: right;\">Maria Fernandes 6\u00baB<\/p>\n","protected":false},"excerpt":{"rendered":"<p>No dia 5 de outubro n\u00e3o se celebra apenas a Implanta\u00e7\u00e3o da Rep\u00fablica, comemora-se, tamb\u00e9m, o Dia Mundial do Professor. A data foi institu\u00edda pela UNESCO, em 1994, com o objetivo de chamar a aten\u00e7\u00e3o para o importante papel que os professores t\u00eam na sociedade&nbsp;<a href=\"http:\/\/aeal.edu.pt\/portal\/dia-mundial-do-professor\/\">&hellip;<\/a><\/p>\n","protected":false},"author":3,"featured_media":1503,"comment_status":"closed","ping_status":"closed","sticky":false,"template":"","format":"standard","meta":{"footnotes":""},"categories":[12],"tags":[],"class_list":["post-1502","post","type-post","status-publish","format-standard","has-post-thumbnail","hentry","category-geral","odd"],"_links":{"self":[{"href":"http:\/\/aeal.edu.pt\/portal\/wp-json\/wp\/v2\/posts\/1502","targetHints":{"allow":["GET"]}}],"collection":[{"href":"http:\/\/aeal.edu.pt\/portal\/wp-json\/wp\/v2\/posts"}],"about":[{"href":"http:\/\/aeal.edu.pt\/portal\/wp-json\/wp\/v2\/types\/post"}],"author":[{"embeddable":true,"href":"http:\/\/aeal.edu.pt\/portal\/wp-json\/wp\/v2\/users\/3"}],"replies":[{"embeddable":true,"href":"http:\/\/aeal.edu.pt\/portal\/wp-json\/wp\/v2\/comments?post=1502"}],"version-history":[{"count":0,"href":"http:\/\/aeal.edu.pt\/portal\/wp-json\/wp\/v2\/posts\/1502\/revisions"}],"wp:featuredmedia":[{"embeddable":true,"href":"http:\/\/aeal.edu.pt\/portal\/wp-json\/wp\/v2\/media\/1503"}],"wp:attachment":[{"href":"http:\/\/aeal.edu.pt\/portal\/wp-json\/wp\/v2\/media?parent=1502"}],"wp:term":[{"taxonomy":"category","embeddable":true,"href":"http:\/\/aeal.edu.pt\/portal\/wp-json\/wp\/v2\/categories?post=1502"},{"taxonomy":"post_tag","embeddable":true,"href":"http:\/\/aeal.edu.pt\/portal\/wp-json\/wp\/v2\/tags?post=1502"}],"curies":[{"name":"wp","href":"https:\/\/api.w.org\/{rel}","templated":true}]}}