{"id":2081,"date":"2017-11-14T09:25:12","date_gmt":"2017-11-14T09:25:12","guid":{"rendered":"http:\/\/aeal.edu.pt\/?p=2081"},"modified":"2017-11-14T09:25:12","modified_gmt":"2017-11-14T09:25:12","slug":"palestra-comunicacoes-eletronicas","status":"publish","type":"post","link":"http:\/\/aeal.edu.pt\/portal\/palestra-comunicacoes-eletronicas\/","title":{"rendered":"Palestra &#8220;Comunica\u00e7\u00f5es eletr\u00f3nicas&#8221;"},"content":{"rendered":"<p>No dia 8 de novembro, realizou-se a palestra \u201c<strong><em>Comunica\u00e7\u00f5es Eletr\u00f3nicas<\/em><\/strong>\u201d, promovida pela Associa\u00e7\u00e3o Portuguesa de Direito de Consumo (apDC) e dinamizada pelo Dr. M\u00e1rio Frota. Com esta sess\u00e3o, pretendeu-se sensibilizar os alunos para o exerc\u00edcio da Educa\u00e7\u00e3o para a Cidadania e alert\u00e1-los para as pr\u00e1ticas comerciais desleais, contr\u00e1rias \u00e0 lei, praticadas por empresas de comunica\u00e7\u00f5es eletr\u00f3nicas.<\/p>\n","protected":false},"excerpt":{"rendered":"<p>No dia 8 de novembro, realizou-se a palestra \u201cComunica\u00e7\u00f5es Eletr\u00f3nicas\u201d, promovida pela Associa\u00e7\u00e3o Portuguesa de Direito de Consumo (apDC) e dinamizada pelo Dr. M\u00e1rio Frota. Com esta sess\u00e3o, pretendeu-se sensibilizar os alunos para o exerc\u00edcio da Educa\u00e7\u00e3o para a Cidadania e alert\u00e1-los para as pr\u00e1ticas&nbsp;<a href=\"http:\/\/aeal.edu.pt\/portal\/palestra-comunicacoes-eletronicas\/\">&hellip;<\/a><\/p>\n","protected":false},"author":3,"featured_media":2082,"comment_status":"closed","ping_status":"closed","sticky":false,"template":"","format":"standard","meta":{"footnotes":""},"categories":[12],"tags":[],"class_list":["post-2081","post","type-post","status-publish","format-standard","has-post-thumbnail","hentry","category-geral","odd"],"_links":{"self":[{"href":"http:\/\/aeal.edu.pt\/portal\/wp-json\/wp\/v2\/posts\/2081","targetHints":{"allow":["GET"]}}],"collection":[{"href":"http:\/\/aeal.edu.pt\/portal\/wp-json\/wp\/v2\/posts"}],"about":[{"href":"http:\/\/aeal.edu.pt\/portal\/wp-json\/wp\/v2\/types\/post"}],"author":[{"embeddable":true,"href":"http:\/\/aeal.edu.pt\/portal\/wp-json\/wp\/v2\/users\/3"}],"replies":[{"embeddable":true,"href":"http:\/\/aeal.edu.pt\/portal\/wp-json\/wp\/v2\/comments?post=2081"}],"version-history":[{"count":0,"href":"http:\/\/aeal.edu.pt\/portal\/wp-json\/wp\/v2\/posts\/2081\/revisions"}],"wp:featuredmedia":[{"embeddable":true,"href":"http:\/\/aeal.edu.pt\/portal\/wp-json\/wp\/v2\/media\/2082"}],"wp:attachment":[{"href":"http:\/\/aeal.edu.pt\/portal\/wp-json\/wp\/v2\/media?parent=2081"}],"wp:term":[{"taxonomy":"category","embeddable":true,"href":"http:\/\/aeal.edu.pt\/portal\/wp-json\/wp\/v2\/categories?post=2081"},{"taxonomy":"post_tag","embeddable":true,"href":"http:\/\/aeal.edu.pt\/portal\/wp-json\/wp\/v2\/tags?post=2081"}],"curies":[{"name":"wp","href":"https:\/\/api.w.org\/{rel}","templated":true}]}}