{"id":2303,"date":"2018-02-08T16:43:04","date_gmt":"2018-02-08T16:43:04","guid":{"rendered":"http:\/\/aeal.edu.pt\/?p=2303"},"modified":"2018-02-08T16:43:04","modified_gmt":"2018-02-08T16:43:04","slug":"aeal-no-podio-do-corta-mato-distrital-do-desporto-escolar","status":"publish","type":"post","link":"http:\/\/aeal.edu.pt\/portal\/aeal-no-podio-do-corta-mato-distrital-do-desporto-escolar\/","title":{"rendered":"AEAL no p\u00f3dio do Corta-Mato Distrital"},"content":{"rendered":"<p>AEAL no p\u00f3dio do Corta-Mato Distrital do Desporto Escolar<\/p>\n<p>O Agrupamento de Escolas Amato Lusitano marcou presen\u00e7a no corta-mato distrital. Esta prova, a n\u00edvel distrital, envolveu alunos de todos os Agrupamentos\/Escolas N\u00e3o Agrupadas do Distrito de Castelo Branco.<br \/>\nO AEAL fez-se representar pelos alunos apurados na Fase Agrupamento, nos escal\u00f5es de infantis A e B, iniciados, juvenis, em masculinos e femininos.<br \/>\nParab\u00e9ns a todos os nossos alunos que se empenharam em alcan\u00e7ar o melhor resultado poss\u00edvel, numa competi\u00e7\u00e3o que envolveu perto de 900 alunos.<\/p>\n<p>Em termos de resultados, o AEAL alcan\u00e7ou 8 p\u00f3dios. Venceu coletivamente no escal\u00e3o de Infantis B masculinos e, ainda por equipas, subiu ao p\u00f3dio no escal\u00e3o de infantis A masculinos e juvenis femininos, com o 2\u00ba lugar alcan\u00e7ado, fechando os lugares de p\u00f3dio coletivo com o 3\u00ba lugar no escal\u00e3o de infantis B femininos.<\/p>\n<p>Ainda em equipas, um honroso 5\u00ba lugar no escal\u00e3o de infantis A femininos, iniciados femininos e iniciados masculinos.<\/p>\n<p>Individualmente, o destaque vai para o p\u00f3dio alcan\u00e7ado por Jo\u00e3o Oliveira (iniciados masculinos), Daniela Silva (juvenis femininos), com o 2\u00ba lugar da geral, enquanto Bernardo Marques (infantis A masculinos) e Joel Sardinha (juvenis masculinos) fecharam o p\u00f3dio, com o 3\u00ba lugar alcan\u00e7ado na geral individual. Beatriz Ferro foi 1\u00aa individual no escal\u00e3o de Infantis B, na competi\u00e7\u00e3o de alunos com Necessidades Educativas Especiais.<\/p>\n<p>&nbsp;<\/p>\n<p>Resultados dos alunos do AEAL no Corta-mato Distrital do Desporto Escolar 2017\/2018<\/p>\n<p>Competi\u00e7\u00e3o Coletiva:<\/p>\n<p>1\u00ba Lugar, em Infantis B Masculinos;<br \/>\n2\u00ba Lugar, em Infantis A Masculinos;<br \/>\n2\u00ba Lugar, em Juvenis femininos;<br \/>\n3\u00ba Lugar, em Infantis B Femininos;<br \/>\n5\u00ba Lugar, em Infantis A Femininos;<br \/>\n5\u00ba Lugar, em Iniciados Femininos;<br \/>\n5\u00ba Lugar, em Iniciados Masculinos.<\/p>\n<p>Competi\u00e7\u00e3o Geral Individual:<\/p>\n<p>Escal\u00e3o de Infantis A Femininos<br \/>\n6\u00ba Lugar \u2013 Mariana Reis<br \/>\n8\u00ba Lugar \u2013 Margarida Barroca<br \/>\n27\u00ba Lugar &#8211; Sara Marques<br \/>\n28\u00ba Lugar &#8211; Cristina Revitska<br \/>\n53\u00ba Lugar &#8211; Mariana Ramos<br \/>\n115\u00ba Lugar \u2013 Maria Fazenda<\/p>\n<p>Escal\u00e3o de Infantis A Masculinos<br \/>\n3\u00ba Lugar &#8211; Bernardo Marques<br \/>\n9\u00ba Lugar &#8211; Afonso Pires<br \/>\n25\u00ba Lugar \u2013 Martim Paulo<br \/>\n47\u00ba Lugar &#8211; Bernardo Gomes<br \/>\n49\u00ba Lugar &#8211; Filipe Nunes<br \/>\n68\u00ba Lugar &#8211; Rodrigo Marques<\/p>\n<p>Escal\u00e3o de Infantis B Femininos<br \/>\n20\u00ba Lugar \u2013 Carolina Ferreira<br \/>\n22\u00ba Lugar \u2013 Leonor Crucho<br \/>\n23\u00ba Lugar &#8211; Ana Tavares<br \/>\n46\u00ba Lugar Luciana Pires<br \/>\n70\u00ba Lugar \u2013 Mariana Marques<\/p>\n<p>Infantis B Masculinos<br \/>\n4\u00ba Lugar \u2013 Dinis Serrano<br \/>\n10\u00ba Lugar &#8211; Rodrigo Canhoto<br \/>\n14\u00ba Lugar &#8211; Louren\u00e7o Nunes<br \/>\n19\u00ba Lugar &#8211; Guilherme Coelho<br \/>\n40\u00ba Lugar \u2013 Mauro R\u00eago<br \/>\n43\u00ba Lugar \u2013 Jo\u00e3o Antunes<\/p>\n<p>Iniciados Femininos<br \/>\n23\u00ba Lugar \u2013 Maria Pires<br \/>\n33\u00ba Lugar \u2013 Mariana Campos<br \/>\n37\u00ba Lugar Carolina Amaro<br \/>\n41\u00ba Lugar Andreia Cardoso<br \/>\n45\u00ba Lugar Lara Maur\u00edcio<\/p>\n<p>Iniciados Masculinos<br \/>\n2\u00ba Lugar \u2013 Jo\u00e3o Oliveira<br \/>\n14\u00ba Lugar \u2013 Rodrigo Antunes<br \/>\n16\u00ba Lugar &#8211; Jo\u00e3o Gomes<br \/>\n32\u00ba Lugar \u2013 Bruno Pereira<\/p>\n<p>Juvenis Femininos<br \/>\n2\u00ba Lugar \u2013 Daniela Silva<br \/>\n14\u00ba Lugar \u2013 In\u00eas Pires<br \/>\n15\u00ba Lugar \u2013 Rita F\u00e9lix<br \/>\n16\u00ba Lugar \u2013 Joana Pissarra<\/p>\n<p>Juvenis Masculinos<br \/>\n3\u00ba Lugar &#8211; Joel Sardinha<br \/>\n24\u00ba Lugar &#8211; Jo\u00e3o Fonseca<br \/>\n26\u00ba Lugar \u2013 Marco Rodrigues<\/p>\n<p><a href=\"https:\/\/www.facebook.com\/Agrupamento-de-Escolas-Amato-Lusitano-1629933443905724\/\" target=\"_blank\" rel=\"noopener\">https:\/\/www.facebook.com\/Agrupamento-de-Escolas-Amato-Lusitano-1629933443905724\/<\/a><\/p>\n","protected":false},"excerpt":{"rendered":"<p>AEAL no p\u00f3dio do Corta-Mato Distrital do Desporto Escolar O Agrupamento de Escolas Amato Lusitano marcou presen\u00e7a no corta-mato distrital. Esta prova, a n\u00edvel distrital, envolveu alunos de todos os Agrupamentos\/Escolas N\u00e3o Agrupadas do Distrito de Castelo Branco. O AEAL fez-se representar pelos alunos apurados&nbsp;<a href=\"http:\/\/aeal.edu.pt\/portal\/aeal-no-podio-do-corta-mato-distrital-do-desporto-escolar\/\">&hellip;<\/a><\/p>\n","protected":false},"author":2,"featured_media":2287,"comment_status":"closed","ping_status":"closed","sticky":false,"template":"","format":"standard","meta":{"footnotes":""},"categories":[12],"tags":[],"class_list":["post-2303","post","type-post","status-publish","format-standard","has-post-thumbnail","hentry","category-geral","odd"],"_links":{"self":[{"href":"http:\/\/aeal.edu.pt\/portal\/wp-json\/wp\/v2\/posts\/2303","targetHints":{"allow":["GET"]}}],"collection":[{"href":"http:\/\/aeal.edu.pt\/portal\/wp-json\/wp\/v2\/posts"}],"about":[{"href":"http:\/\/aeal.edu.pt\/portal\/wp-json\/wp\/v2\/types\/post"}],"author":[{"embeddable":true,"href":"http:\/\/aeal.edu.pt\/portal\/wp-json\/wp\/v2\/users\/2"}],"replies":[{"embeddable":true,"href":"http:\/\/aeal.edu.pt\/portal\/wp-json\/wp\/v2\/comments?post=2303"}],"version-history":[{"count":0,"href":"http:\/\/aeal.edu.pt\/portal\/wp-json\/wp\/v2\/posts\/2303\/revisions"}],"wp:featuredmedia":[{"embeddable":true,"href":"http:\/\/aeal.edu.pt\/portal\/wp-json\/wp\/v2\/media\/2287"}],"wp:attachment":[{"href":"http:\/\/aeal.edu.pt\/portal\/wp-json\/wp\/v2\/media?parent=2303"}],"wp:term":[{"taxonomy":"category","embeddable":true,"href":"http:\/\/aeal.edu.pt\/portal\/wp-json\/wp\/v2\/categories?post=2303"},{"taxonomy":"post_tag","embeddable":true,"href":"http:\/\/aeal.edu.pt\/portal\/wp-json\/wp\/v2\/tags?post=2303"}],"curies":[{"name":"wp","href":"https:\/\/api.w.org\/{rel}","templated":true}]}}