{"id":2725,"date":"2019-01-15T11:20:12","date_gmt":"2019-01-15T11:20:12","guid":{"rendered":"http:\/\/aeal.edu.pt\/?p=2725"},"modified":"2019-01-15T11:20:12","modified_gmt":"2019-01-15T11:20:12","slug":"palestra-sexualidade-e-afetos","status":"publish","type":"post","link":"http:\/\/aeal.edu.pt\/portal\/palestra-sexualidade-e-afetos\/","title":{"rendered":"Palestra &#8211; Sexualidade e afetos"},"content":{"rendered":"<p>Sob o tema Sexualidade e Afetos, o Projeto P.E.S. inicia o segundo per\u00edodo com palestras para as turmas de 7\u00ba ano, no Audit\u00f3rio da Escola Jo\u00e3o Roiz.<br \/>\nDinamizadas pelo finalista de medicina, Jo\u00e3o Lisboa, ex aluno da Escola Jo\u00e3o Roiz, estas sess\u00f5es visaram sensibilizar os alunos para a necessidade de reconhecer que a afetividade e a sexualidade t\u00eam express\u00f5es diferenciadas ao longo da vida e fazem parte da viv\u00eancia saud\u00e1vel de todos os seres humanos. Numa linguagem clara e acess\u00edvel, a conversa desenrolou-se com diversas intera\u00e7\u00f5es com os jovens, permitindo desenvolver compet\u00eancias, desmistificando alguns conceitos err\u00f3neos e falando-se abertamente de v\u00e1rias \u00e1reas tem\u00e1ticas que permitem aos jovens poder vir a fazer op\u00e7\u00f5es informadas e seguras no campo da sexualidade.<\/p>\n<p>Sem tabus ou falsos moralismos, o jovem palestrante abordou temas que poder\u00e3o vir a ser complementados pelos professores Diretores de Turma, na \u00e1rea de Forma\u00e7\u00e3o C\u00edvica, tendo sido disponibilizada a apresenta\u00e7\u00e3o base para o efeito. Pretendemos contribuir assim para a forma\u00e7\u00e3o de jovens livres, respons\u00e1veis e com consci\u00eancia cr\u00edtica face aos comportamentos de risco, mas tamb\u00e9m para que possam viver de uma forma plena, feliz e segura a sua sexualidade.<\/p>\n<div id=\"attachment_2729\" style=\"width: 970px\" class=\"wp-caption aligncenter\"><a href=\"http:\/\/aeal.edu.pt\/portal\/wp-content\/uploads\/2019\/01\/Sex-e-afetos-2.jpg\"><img fetchpriority=\"high\" decoding=\"async\" aria-describedby=\"caption-attachment-2729\" class=\"size-large wp-image-2729\" src=\"http:\/\/aeal.edu.pt\/portal\/wp-content\/uploads\/2019\/01\/Sex-e-afetos-2-1024x768.jpg\" alt=\"\" width=\"960\" height=\"720\" \/><\/a><p id=\"caption-attachment-2729\" class=\"wp-caption-text\">dav<\/p><\/div>\n","protected":false},"excerpt":{"rendered":"<p>Sob o tema Sexualidade e Afetos, o Projeto P.E.S. inicia o segundo per\u00edodo com palestras para as turmas de 7\u00ba ano, no Audit\u00f3rio da Escola Jo\u00e3o Roiz. Dinamizadas pelo finalista de medicina, Jo\u00e3o Lisboa, ex aluno da Escola Jo\u00e3o Roiz, estas sess\u00f5es visaram sensibilizar os&nbsp;<a href=\"http:\/\/aeal.edu.pt\/portal\/palestra-sexualidade-e-afetos\/\">&hellip;<\/a><\/p>\n","protected":false},"author":3,"featured_media":2726,"comment_status":"closed","ping_status":"closed","sticky":false,"template":"","format":"standard","meta":{"footnotes":""},"categories":[12],"tags":[],"class_list":["post-2725","post","type-post","status-publish","format-standard","has-post-thumbnail","hentry","category-geral","odd"],"_links":{"self":[{"href":"http:\/\/aeal.edu.pt\/portal\/wp-json\/wp\/v2\/posts\/2725","targetHints":{"allow":["GET"]}}],"collection":[{"href":"http:\/\/aeal.edu.pt\/portal\/wp-json\/wp\/v2\/posts"}],"about":[{"href":"http:\/\/aeal.edu.pt\/portal\/wp-json\/wp\/v2\/types\/post"}],"author":[{"embeddable":true,"href":"http:\/\/aeal.edu.pt\/portal\/wp-json\/wp\/v2\/users\/3"}],"replies":[{"embeddable":true,"href":"http:\/\/aeal.edu.pt\/portal\/wp-json\/wp\/v2\/comments?post=2725"}],"version-history":[{"count":0,"href":"http:\/\/aeal.edu.pt\/portal\/wp-json\/wp\/v2\/posts\/2725\/revisions"}],"wp:featuredmedia":[{"embeddable":true,"href":"http:\/\/aeal.edu.pt\/portal\/wp-json\/wp\/v2\/media\/2726"}],"wp:attachment":[{"href":"http:\/\/aeal.edu.pt\/portal\/wp-json\/wp\/v2\/media?parent=2725"}],"wp:term":[{"taxonomy":"category","embeddable":true,"href":"http:\/\/aeal.edu.pt\/portal\/wp-json\/wp\/v2\/categories?post=2725"},{"taxonomy":"post_tag","embeddable":true,"href":"http:\/\/aeal.edu.pt\/portal\/wp-json\/wp\/v2\/tags?post=2725"}],"curies":[{"name":"wp","href":"https:\/\/api.w.org\/{rel}","templated":true}]}}