{"id":2764,"date":"2019-02-07T09:44:38","date_gmt":"2019-02-07T09:44:38","guid":{"rendered":"http:\/\/aeal.edu.pt\/?p=2764"},"modified":"2019-02-07T09:44:38","modified_gmt":"2019-02-07T09:44:38","slug":"educacao-ambiental-palestras","status":"publish","type":"post","link":"http:\/\/aeal.edu.pt\/portal\/educacao-ambiental-palestras\/","title":{"rendered":"Educa\u00e7\u00e3o ambiental &#8211; palestras"},"content":{"rendered":"<p>Com as palestras \u201c<strong>A \u00c1gua e a Vida<\/strong>\u201d e \u201c<strong>A Import\u00e2ncia da Biodiversidade<\/strong>\u201d, o Professor Jorge Paiva, investigador do Centro de Ecologia Funcional da Universidade de Coimbra, brindou-nos neste 4 de fevereiro com o seu saber. Os benefici\u00e1rios foram as turmas dos 8\u00bas anos e uma de 11\u00ba ano e quem os acompanhou. Estas fant\u00e1sticas li\u00e7\u00f5es sobre Educa\u00e7\u00e3o Ambiental ficar\u00e3o certamente na mem\u00f3ria de quase todos. Mudar a forma como nos relacionamos com o ambiente \u00e9 a \u00fanica maneira de criar sustentabilidade e futuro para estas gera\u00e7\u00f5es e para as seguintes. Por isso a Educa\u00e7\u00e3o Ambiental \u00e9 t\u00e3o importante e ningu\u00e9m melhor que o bi\u00f3logo Jorge Paiva para nos sensibilizar a todos.<\/p>\n","protected":false},"excerpt":{"rendered":"<p>Com as palestras \u201cA \u00c1gua e a Vida\u201d e \u201cA Import\u00e2ncia da Biodiversidade\u201d, o Professor Jorge Paiva, investigador do Centro de Ecologia Funcional da Universidade de Coimbra, brindou-nos neste 4 de fevereiro com o seu saber. Os benefici\u00e1rios foram as turmas dos 8\u00bas anos e&nbsp;<a href=\"http:\/\/aeal.edu.pt\/portal\/educacao-ambiental-palestras\/\">&hellip;<\/a><\/p>\n","protected":false},"author":3,"featured_media":2765,"comment_status":"closed","ping_status":"closed","sticky":false,"template":"","format":"standard","meta":{"footnotes":""},"categories":[12],"tags":[],"class_list":["post-2764","post","type-post","status-publish","format-standard","has-post-thumbnail","hentry","category-geral","odd"],"_links":{"self":[{"href":"http:\/\/aeal.edu.pt\/portal\/wp-json\/wp\/v2\/posts\/2764","targetHints":{"allow":["GET"]}}],"collection":[{"href":"http:\/\/aeal.edu.pt\/portal\/wp-json\/wp\/v2\/posts"}],"about":[{"href":"http:\/\/aeal.edu.pt\/portal\/wp-json\/wp\/v2\/types\/post"}],"author":[{"embeddable":true,"href":"http:\/\/aeal.edu.pt\/portal\/wp-json\/wp\/v2\/users\/3"}],"replies":[{"embeddable":true,"href":"http:\/\/aeal.edu.pt\/portal\/wp-json\/wp\/v2\/comments?post=2764"}],"version-history":[{"count":0,"href":"http:\/\/aeal.edu.pt\/portal\/wp-json\/wp\/v2\/posts\/2764\/revisions"}],"wp:featuredmedia":[{"embeddable":true,"href":"http:\/\/aeal.edu.pt\/portal\/wp-json\/wp\/v2\/media\/2765"}],"wp:attachment":[{"href":"http:\/\/aeal.edu.pt\/portal\/wp-json\/wp\/v2\/media?parent=2764"}],"wp:term":[{"taxonomy":"category","embeddable":true,"href":"http:\/\/aeal.edu.pt\/portal\/wp-json\/wp\/v2\/categories?post=2764"},{"taxonomy":"post_tag","embeddable":true,"href":"http:\/\/aeal.edu.pt\/portal\/wp-json\/wp\/v2\/tags?post=2764"}],"curies":[{"name":"wp","href":"https:\/\/api.w.org\/{rel}","templated":true}]}}