{"id":2843,"date":"2019-03-25T18:35:07","date_gmt":"2019-03-25T18:35:07","guid":{"rendered":"http:\/\/aeal.edu.pt\/?p=2843"},"modified":"2019-03-25T18:35:07","modified_gmt":"2019-03-25T18:35:07","slug":"biblioteca-esal-recebe-premio-de-merito","status":"publish","type":"post","link":"http:\/\/aeal.edu.pt\/portal\/biblioteca-esal-recebe-premio-de-merito\/","title":{"rendered":"Biblioteca ESAL recebe pr\u00e9mio de m\u00e9rito"},"content":{"rendered":"<p>O programa Rede de Bibliotecas Escolares, no \u00e2mbito das Candidaturas RBE 2019, premiou a Biblioteca da Escola Secund\u00e1ria Amato Lusitano (ESAL), na categoria <em>Ideias com M\u00e9rito<\/em>. De acordo com este programa, esta iniciativa visa \u201capoiar experi\u00eancias inovadoras e consistentes no que diz respeito \u00e0 promo\u00e7\u00e3o da leitura e do digital e difundir as boas pr\u00e1ticas das bibliotecas\u201d.<\/p>\n<p>A cerim\u00f3nia p\u00fablica de apresenta\u00e7\u00e3o das escolas selecionadas decorreu no dia 22 de mar\u00e7o, na Escola Secund\u00e1ria E\u00e7a de Queir\u00f3s, em Lisboa. O diretor do Agrupamento de Escolas Amato Lusitano, Jo\u00e3o Bel\u00e9m, a professora bibliotec\u00e1ria da ESAL, Raquel Afonso e Ad\u00e9lia Guerreiro, tamb\u00e9m professora na ESAL, estiveram presentes nesta cerim\u00f3nia, onde receberam o Certificado de M\u00e9rito pelo projeto \u201c(Re)aprender a inovar\u201d. \u201cEste projeto tem como linhas de a\u00e7\u00e3o a forma\u00e7\u00e3o de professores e alunos na \u00e1rea da literacia digital, a articula\u00e7\u00e3o de novas din\u00e2micas com a sala de aula e a cria\u00e7\u00e3o de um banco de materiais pedag\u00f3gicos\u201d, esclarece a professora bibliotec\u00e1ria.<\/p>\n<p>O projeto da Biblioteca Amato Lusitano, que beneficiar\u00e1 de um apoio financeiro de 5 mil euros para aquisi\u00e7\u00e3o de dispositivos m\u00f3veis e fundo documental, foi um dos sete selecionados, a n\u00edvel nacional. De acordo com a coordenadora da Rede de Bibliotecas Escolares, Manuela Pargana Silva, este naipe de projetos foi premiado por reunir \u201cum conjunto de indicadores de qualidade que permitem a difus\u00e3o de pr\u00e1ticas inovadoras centradas no uso da biblioteca escolar\u201d. Estes pr\u00e9mios traduzem o reconhecimento do trabalho realizado pelas bibliotecas escolares que evidenciam um conjunto de pr\u00e1ticas centradas no uso da informa\u00e7\u00e3o e do conhecimento, na promo\u00e7\u00e3o da leitura, no apoio aos curr\u00edculos e na melhoria das aprendizagens.<\/p>\n<p>&nbsp;<\/p>\n","protected":false},"excerpt":{"rendered":"<p>O programa Rede de Bibliotecas Escolares, no \u00e2mbito das Candidaturas RBE 2019, premiou a Biblioteca da Escola Secund\u00e1ria Amato Lusitano (ESAL), na categoria Ideias com M\u00e9rito. De acordo com este programa, esta iniciativa visa \u201capoiar experi\u00eancias inovadoras e consistentes no que diz respeito \u00e0 promo\u00e7\u00e3o&nbsp;<a href=\"http:\/\/aeal.edu.pt\/portal\/biblioteca-esal-recebe-premio-de-merito\/\">&hellip;<\/a><\/p>\n","protected":false},"author":3,"featured_media":2844,"comment_status":"closed","ping_status":"closed","sticky":false,"template":"","format":"standard","meta":{"footnotes":""},"categories":[12],"tags":[],"class_list":["post-2843","post","type-post","status-publish","format-standard","has-post-thumbnail","hentry","category-geral","odd"],"_links":{"self":[{"href":"http:\/\/aeal.edu.pt\/portal\/wp-json\/wp\/v2\/posts\/2843","targetHints":{"allow":["GET"]}}],"collection":[{"href":"http:\/\/aeal.edu.pt\/portal\/wp-json\/wp\/v2\/posts"}],"about":[{"href":"http:\/\/aeal.edu.pt\/portal\/wp-json\/wp\/v2\/types\/post"}],"author":[{"embeddable":true,"href":"http:\/\/aeal.edu.pt\/portal\/wp-json\/wp\/v2\/users\/3"}],"replies":[{"embeddable":true,"href":"http:\/\/aeal.edu.pt\/portal\/wp-json\/wp\/v2\/comments?post=2843"}],"version-history":[{"count":0,"href":"http:\/\/aeal.edu.pt\/portal\/wp-json\/wp\/v2\/posts\/2843\/revisions"}],"wp:featuredmedia":[{"embeddable":true,"href":"http:\/\/aeal.edu.pt\/portal\/wp-json\/wp\/v2\/media\/2844"}],"wp:attachment":[{"href":"http:\/\/aeal.edu.pt\/portal\/wp-json\/wp\/v2\/media?parent=2843"}],"wp:term":[{"taxonomy":"category","embeddable":true,"href":"http:\/\/aeal.edu.pt\/portal\/wp-json\/wp\/v2\/categories?post=2843"},{"taxonomy":"post_tag","embeddable":true,"href":"http:\/\/aeal.edu.pt\/portal\/wp-json\/wp\/v2\/tags?post=2843"}],"curies":[{"name":"wp","href":"https:\/\/api.w.org\/{rel}","templated":true}]}}