{"id":3002,"date":"2019-06-25T10:43:45","date_gmt":"2019-06-25T09:43:45","guid":{"rendered":"http:\/\/aeal.edu.pt\/?p=3002"},"modified":"2019-06-25T10:43:45","modified_gmt":"2019-06-25T09:43:45","slug":"manuais-escolares-2019-2020","status":"publish","type":"post","link":"http:\/\/aeal.edu.pt\/portal\/manuais-escolares-2019-2020\/","title":{"rendered":"Manuais Escolares 2019\/2020"},"content":{"rendered":"<p style=\"text-align: center;\"><u>&#8211; Informa\u00e7\u00e3o \u2013 <\/u><\/p>\n<p style=\"text-align: center;\"><u>\u00a0<\/u><\/p>\n<p style=\"text-align: center;\"><strong><em>\u00a0<\/em><\/strong><\/p>\n<p style=\"text-align: center;\"><strong><em>(Servi\u00e7os de A\u00e7\u00e3o Social Escolar (SASE) \u2013 Ano letivo 2019\/2020)<\/em><\/strong><\/p>\n<p style=\"text-align: center;\"><strong><em>\u00a0<\/em><\/strong><\/p>\n<p style=\"text-align: center;\"><strong>Manuais Escolares<\/strong><\/p>\n<p>&nbsp;<\/p>\n<p>&nbsp;<\/p>\n<p><em>De acordo com o estipulado no Despacho n.\u00ba 921\/2019, de 24 de janeiro, e reiterado em todas as sess\u00f5es de esclarecimento realizadas, os AE\/ENA t\u00eam que\u00a0<\/em><strong><em>at\u00e9 28 de junho<\/em><\/strong><em>\u00a0completar o circuito da reutiliza\u00e7\u00e3o dos manuais escolares e\u00a0<\/em><strong><em>inserir os respetivos dados<\/em><\/strong><em>\u00a0na plataforma MEGA.<\/em><\/p>\n<p><em>Para que a plataforma possa\u00a0<\/em><strong><em>iniciar a emiss\u00e3o de vouchers<\/em><\/strong><em>\u00a0relativos aos manuais dos anos de escolaridade de continuidade (2.\u00ba, 3.\u00ba, 4.\u00ba, 6.\u00ba, 8.\u00ba, 9.\u00ba, 11.\u00ba e 12.\u00ba)\u00a0<\/em><strong><em>a partir de 9 de julho,\u00a0<\/em><\/strong><em>\u00e9 importante que os prazos sejam respeitados.<\/em><\/p>\n<p><em>Lembramos, nesse contexto, que a introdu\u00e7\u00e3o dos dados na plataforma \u00e9 fundamental para que os vouchers sejam emitidos corretamente.<\/em><\/p>\n<p><em>A emiss\u00e3o de vouchers dos anos de escolaridade de in\u00edcio de ciclo (1.\u00ba, 5.\u00ba, 7.\u00ba e 10.\u00ba) come\u00e7a a\u00a0<\/em><strong><em>1 de agosto<\/em><\/strong><em>.<\/em><\/p>\n","protected":false},"excerpt":{"rendered":"<p>&#8211; Informa\u00e7\u00e3o \u2013 \u00a0 \u00a0 (Servi\u00e7os de A\u00e7\u00e3o Social Escolar (SASE) \u2013 Ano letivo 2019\/2020) \u00a0 Manuais Escolares &nbsp; &nbsp; De acordo com o estipulado no Despacho n.\u00ba 921\/2019, de 24 de janeiro, e reiterado em todas as sess\u00f5es de esclarecimento realizadas, os AE\/ENA t\u00eam&nbsp;<a href=\"http:\/\/aeal.edu.pt\/portal\/manuais-escolares-2019-2020\/\">&hellip;<\/a><\/p>\n","protected":false},"author":2,"featured_media":3003,"comment_status":"closed","ping_status":"closed","sticky":false,"template":"","format":"standard","meta":{"footnotes":""},"categories":[12],"tags":[],"class_list":["post-3002","post","type-post","status-publish","format-standard","has-post-thumbnail","hentry","category-geral","odd"],"_links":{"self":[{"href":"http:\/\/aeal.edu.pt\/portal\/wp-json\/wp\/v2\/posts\/3002","targetHints":{"allow":["GET"]}}],"collection":[{"href":"http:\/\/aeal.edu.pt\/portal\/wp-json\/wp\/v2\/posts"}],"about":[{"href":"http:\/\/aeal.edu.pt\/portal\/wp-json\/wp\/v2\/types\/post"}],"author":[{"embeddable":true,"href":"http:\/\/aeal.edu.pt\/portal\/wp-json\/wp\/v2\/users\/2"}],"replies":[{"embeddable":true,"href":"http:\/\/aeal.edu.pt\/portal\/wp-json\/wp\/v2\/comments?post=3002"}],"version-history":[{"count":0,"href":"http:\/\/aeal.edu.pt\/portal\/wp-json\/wp\/v2\/posts\/3002\/revisions"}],"wp:featuredmedia":[{"embeddable":true,"href":"http:\/\/aeal.edu.pt\/portal\/wp-json\/wp\/v2\/media\/3003"}],"wp:attachment":[{"href":"http:\/\/aeal.edu.pt\/portal\/wp-json\/wp\/v2\/media?parent=3002"}],"wp:term":[{"taxonomy":"category","embeddable":true,"href":"http:\/\/aeal.edu.pt\/portal\/wp-json\/wp\/v2\/categories?post=3002"},{"taxonomy":"post_tag","embeddable":true,"href":"http:\/\/aeal.edu.pt\/portal\/wp-json\/wp\/v2\/tags?post=3002"}],"curies":[{"name":"wp","href":"https:\/\/api.w.org\/{rel}","templated":true}]}}