{"id":3107,"date":"2019-08-27T15:57:29","date_gmt":"2019-08-27T14:57:29","guid":{"rendered":"http:\/\/aeal.edu.pt\/?p=3107"},"modified":"2019-08-27T15:57:29","modified_gmt":"2019-08-27T14:57:29","slug":"inicio-das-atividades-letivas-2019-2020","status":"publish","type":"post","link":"http:\/\/aeal.edu.pt\/portal\/inicio-das-atividades-letivas-2019-2020\/","title":{"rendered":"In\u00edcio das atividades letivas 2019\/2020"},"content":{"rendered":"<p style=\"text-align: center;\">Informa-se a toda a comunidade escolar que as atividades de apoio social \u00e0 fam\u00edlia relativas ao pr\u00e9 \u2013 escolar, come\u00e7am<\/p>\n<p style=\"text-align: center;\"><strong>de 2 a 12 setembro (Valongo)<\/strong> \u2013 na Jo\u00e3o Roiz por motivo de obras<\/p>\n<p style=\"text-align: center;\"><strong>dia 13 de setembro<\/strong> no J.I. do Valongo<\/p>\n<p style=\"text-align: center;\"><strong>dia 2 de setembro<\/strong> (Cebolais\/Retaxo)<\/p>\n<p style=\"text-align: center;\">\n<p style=\"text-align: center;\">As atividades letivas para todo o agrupamento come\u00e7am<\/p>\n<p style=\"text-align: center;\">\u00a0\u00a0 <strong>dia 13 de setembro<\/strong><\/p>\n","protected":false},"excerpt":{"rendered":"<p>Informa-se a toda a comunidade escolar que as atividades de apoio social \u00e0 fam\u00edlia relativas ao pr\u00e9 \u2013 escolar, come\u00e7am de 2 a 12 setembro (Valongo) \u2013 na Jo\u00e3o Roiz por motivo de obras dia 13 de setembro no J.I. do Valongo dia 2 de&nbsp;<a href=\"http:\/\/aeal.edu.pt\/portal\/inicio-das-atividades-letivas-2019-2020\/\">&hellip;<\/a><\/p>\n","protected":false},"author":2,"featured_media":1037,"comment_status":"closed","ping_status":"closed","sticky":false,"template":"","format":"standard","meta":{"footnotes":""},"categories":[12],"tags":[],"class_list":["post-3107","post","type-post","status-publish","format-standard","has-post-thumbnail","hentry","category-geral","odd"],"_links":{"self":[{"href":"http:\/\/aeal.edu.pt\/portal\/wp-json\/wp\/v2\/posts\/3107","targetHints":{"allow":["GET"]}}],"collection":[{"href":"http:\/\/aeal.edu.pt\/portal\/wp-json\/wp\/v2\/posts"}],"about":[{"href":"http:\/\/aeal.edu.pt\/portal\/wp-json\/wp\/v2\/types\/post"}],"author":[{"embeddable":true,"href":"http:\/\/aeal.edu.pt\/portal\/wp-json\/wp\/v2\/users\/2"}],"replies":[{"embeddable":true,"href":"http:\/\/aeal.edu.pt\/portal\/wp-json\/wp\/v2\/comments?post=3107"}],"version-history":[{"count":0,"href":"http:\/\/aeal.edu.pt\/portal\/wp-json\/wp\/v2\/posts\/3107\/revisions"}],"wp:featuredmedia":[{"embeddable":true,"href":"http:\/\/aeal.edu.pt\/portal\/wp-json\/wp\/v2\/media\/1037"}],"wp:attachment":[{"href":"http:\/\/aeal.edu.pt\/portal\/wp-json\/wp\/v2\/media?parent=3107"}],"wp:term":[{"taxonomy":"category","embeddable":true,"href":"http:\/\/aeal.edu.pt\/portal\/wp-json\/wp\/v2\/categories?post=3107"},{"taxonomy":"post_tag","embeddable":true,"href":"http:\/\/aeal.edu.pt\/portal\/wp-json\/wp\/v2\/tags?post=3107"}],"curies":[{"name":"wp","href":"https:\/\/api.w.org\/{rel}","templated":true}]}}