{"id":342,"date":"2015-03-13T00:01:11","date_gmt":"2015-03-13T00:01:11","guid":{"rendered":"http:\/\/aeal.edu.pt\/?p=342"},"modified":"2015-03-13T00:01:11","modified_gmt":"2015-03-13T00:01:11","slug":"escola-joao-roiz-esta-de-parabens-conquistou-o-primeiro-e-o-segundo-lugares","status":"publish","type":"post","link":"http:\/\/aeal.edu.pt\/portal\/escola-joao-roiz-esta-de-parabens-conquistou-o-primeiro-e-o-segundo-lugares\/","title":{"rendered":"Escola Jo\u00e3o Roiz est\u00e1 de PARAB\u00c9NS!"},"content":{"rendered":"<p style=\"text-align: justify;\"><strong>Conquistou o primeiro e o segundo lugares!<\/strong><\/p>\n<p style=\"text-align: justify;\">Na Biblioteca Municipal de R\u00f3d\u00e3o, no dia 11 de mar\u00e7o de 2015, realizou-se a final do Concurso interconcelhio de leitura e escrita. Este concurso foi organizado pelos professores bibliotec\u00e1rios dos concelhos de Castelo Branco e Vila Velha de R\u00f3d\u00e3o, em parceria com a Rede de Bibliotecas Escolares e a BMJBM, com o apoio da Associa\u00e7\u00e3o de Estudos do Alto Tejo e da Livraria Amar Arte.<\/p>\n<div style=\"text-align: justify;\">A final decorreu em duas etapas: a primeira, uma prova escrita sobre os livros \u00abO anivers\u00e1rio da infanta\u00bb de Oscar Wilde e \u00abO drag\u00e3o\u00bb de Lu\u00edsa Ducla Soares,\u00a0 apurou os seis participantes na prova oral que se seguiu.<br \/>\nA vencedora foi Carolina Pires da EB Jo\u00e3o Roiz. Catarina Silva, tamb\u00e9m da EB Jo\u00e3o Roiz, alcan\u00e7ou o segundo lugar e Rodrigo Pombo, o terceiro classificado.<br \/>\nHouve pr\u00e9mios e lembran\u00e7as oferecidos pelo Munic\u00edpio de Vila Velha de R\u00f3d\u00e3o, pela Rede de Bibliotecas Escolares, pela Livraria Amar Arte e pela AEAT.<br \/>\nAconteceu uma Jornada \u00a0em prol da leitura, dos afectos e das boas viv\u00eancias. Fomentar o crescimento e o desenvolvimento integral de cada um \u00e9 uma boa pr\u00e1tica. Que venham mais!<\/div>\n","protected":false},"excerpt":{"rendered":"<p>Conquistou o primeiro e o segundo lugares! Na Biblioteca Municipal de R\u00f3d\u00e3o, no dia 11 de mar\u00e7o de 2015, realizou-se a final do Concurso interconcelhio de leitura e escrita. Este concurso foi organizado pelos professores bibliotec\u00e1rios dos concelhos de Castelo Branco e Vila Velha de&nbsp;<a href=\"http:\/\/aeal.edu.pt\/portal\/escola-joao-roiz-esta-de-parabens-conquistou-o-primeiro-e-o-segundo-lugares\/\">&hellip;<\/a><\/p>\n","protected":false},"author":2,"featured_media":343,"comment_status":"closed","ping_status":"closed","sticky":false,"template":"","format":"standard","meta":{"footnotes":""},"categories":[12],"tags":[],"class_list":["post-342","post","type-post","status-publish","format-standard","has-post-thumbnail","hentry","category-geral","odd"],"_links":{"self":[{"href":"http:\/\/aeal.edu.pt\/portal\/wp-json\/wp\/v2\/posts\/342","targetHints":{"allow":["GET"]}}],"collection":[{"href":"http:\/\/aeal.edu.pt\/portal\/wp-json\/wp\/v2\/posts"}],"about":[{"href":"http:\/\/aeal.edu.pt\/portal\/wp-json\/wp\/v2\/types\/post"}],"author":[{"embeddable":true,"href":"http:\/\/aeal.edu.pt\/portal\/wp-json\/wp\/v2\/users\/2"}],"replies":[{"embeddable":true,"href":"http:\/\/aeal.edu.pt\/portal\/wp-json\/wp\/v2\/comments?post=342"}],"version-history":[{"count":0,"href":"http:\/\/aeal.edu.pt\/portal\/wp-json\/wp\/v2\/posts\/342\/revisions"}],"wp:featuredmedia":[{"embeddable":true,"href":"http:\/\/aeal.edu.pt\/portal\/wp-json\/wp\/v2\/media\/343"}],"wp:attachment":[{"href":"http:\/\/aeal.edu.pt\/portal\/wp-json\/wp\/v2\/media?parent=342"}],"wp:term":[{"taxonomy":"category","embeddable":true,"href":"http:\/\/aeal.edu.pt\/portal\/wp-json\/wp\/v2\/categories?post=342"},{"taxonomy":"post_tag","embeddable":true,"href":"http:\/\/aeal.edu.pt\/portal\/wp-json\/wp\/v2\/tags?post=342"}],"curies":[{"name":"wp","href":"https:\/\/api.w.org\/{rel}","templated":true}]}}