{"id":3593,"date":"2020-04-03T13:55:44","date_gmt":"2020-04-03T12:55:44","guid":{"rendered":"http:\/\/aeal.edu.pt\/?p=3593"},"modified":"2020-04-03T13:55:44","modified_gmt":"2020-04-03T12:55:44","slug":"avaliacoes-do-2o-periodo","status":"publish","type":"post","link":"http:\/\/aeal.edu.pt\/portal\/avaliacoes-do-2o-periodo\/","title":{"rendered":"Avalia\u00e7\u00f5es do 2\u00ba Per\u00edodo"},"content":{"rendered":"<p>Informam-se alunos e encarregados de educa\u00e7\u00e3o que, atendendo \u00e0 situa\u00e7\u00e3o que vivemos, n\u00e3o ser\u00e3o afixadas nas escolas, como \u00e9 habitual, as pautas de avalia\u00e7\u00e3o do final do 2\u00ba per\u00edodo.<\/p>\n<p>Assim as notas do 2\u00ba Per\u00edodo estar\u00e3o dispon\u00edveis para consulta no\u00a0<strong>Portal Sige<\/strong> (<a href=\"http:\/\/cartoes.aeamatolusitano.edu.pt\/\">http:\/\/cartoes.aeamatolusitano.edu.pt<\/a> &#8211; separador notas) a partir do dia 6 de Abril (2\u00ba feira). No caso de n\u00e3o terem os dados de acesso, devem contactar, por telefone, os servi\u00e7os administrativos do Agrupamento. A partir do dia 6 de abril, os Diretores de Turma\/Professor Titular enviar\u00e3o, atrav\u00e9s de correio eletr\u00f3nico, os Registos de Avalia\u00e7\u00e3o dos respetivos alunos.<\/p>\n<p>No caso de completa impossibilidade de recurso a este meio, <strong>e s\u00f3 neste caso<\/strong>, os mesmos ser\u00e3o enviados via CTT, ap\u00f3s solicita\u00e7\u00e3o ao respetivo Diretor de Turma.<\/p>\n<p>Aproveito, mais uma vez, para apelar \u00e0 vossa sensibiliza\u00e7\u00e3o para o respeito que devem ter pelas regras institu\u00eddas pelas autoridades de sa\u00fade p\u00fablica, com especial \u00eanfase para o cumprimento rigoroso do isolamento social<\/p>\n<p><em>Vamos vencer <strong>juntos<\/strong><\/em><\/p>\n<p>O diretor<\/p>\n<p><em>Prof. Jo\u00e3o Bel\u00e9m<\/em><\/p>\n<p>&nbsp;<\/p>\n<p>&nbsp;<\/p>\n","protected":false},"excerpt":{"rendered":"<p>Informam-se alunos e encarregados de educa\u00e7\u00e3o que, atendendo \u00e0 situa\u00e7\u00e3o que vivemos, n\u00e3o ser\u00e3o afixadas nas escolas, como \u00e9 habitual, as pautas de avalia\u00e7\u00e3o do final do 2\u00ba per\u00edodo. Assim as notas do 2\u00ba Per\u00edodo estar\u00e3o dispon\u00edveis para consulta no\u00a0Portal Sige (http:\/\/cartoes.aeamatolusitano.edu.pt &#8211; separador notas)&nbsp;<a href=\"http:\/\/aeal.edu.pt\/portal\/avaliacoes-do-2o-periodo\/\">&hellip;<\/a><\/p>\n","protected":false},"author":2,"featured_media":3594,"comment_status":"closed","ping_status":"closed","sticky":false,"template":"","format":"standard","meta":{"footnotes":""},"categories":[12],"tags":[],"class_list":["post-3593","post","type-post","status-publish","format-standard","has-post-thumbnail","hentry","category-geral","odd"],"_links":{"self":[{"href":"http:\/\/aeal.edu.pt\/portal\/wp-json\/wp\/v2\/posts\/3593","targetHints":{"allow":["GET"]}}],"collection":[{"href":"http:\/\/aeal.edu.pt\/portal\/wp-json\/wp\/v2\/posts"}],"about":[{"href":"http:\/\/aeal.edu.pt\/portal\/wp-json\/wp\/v2\/types\/post"}],"author":[{"embeddable":true,"href":"http:\/\/aeal.edu.pt\/portal\/wp-json\/wp\/v2\/users\/2"}],"replies":[{"embeddable":true,"href":"http:\/\/aeal.edu.pt\/portal\/wp-json\/wp\/v2\/comments?post=3593"}],"version-history":[{"count":0,"href":"http:\/\/aeal.edu.pt\/portal\/wp-json\/wp\/v2\/posts\/3593\/revisions"}],"wp:featuredmedia":[{"embeddable":true,"href":"http:\/\/aeal.edu.pt\/portal\/wp-json\/wp\/v2\/media\/3594"}],"wp:attachment":[{"href":"http:\/\/aeal.edu.pt\/portal\/wp-json\/wp\/v2\/media?parent=3593"}],"wp:term":[{"taxonomy":"category","embeddable":true,"href":"http:\/\/aeal.edu.pt\/portal\/wp-json\/wp\/v2\/categories?post=3593"},{"taxonomy":"post_tag","embeddable":true,"href":"http:\/\/aeal.edu.pt\/portal\/wp-json\/wp\/v2\/tags?post=3593"}],"curies":[{"name":"wp","href":"https:\/\/api.w.org\/{rel}","templated":true}]}}