{"id":3846,"date":"2020-07-08T12:12:49","date_gmt":"2020-07-08T11:12:49","guid":{"rendered":"http:\/\/aeal.edu.pt\/?p=3846"},"modified":"2020-07-08T12:12:49","modified_gmt":"2020-07-08T11:12:49","slug":"matriculas-informacao-aos-encarregados-de-educacao-8-de-julho","status":"publish","type":"post","link":"http:\/\/aeal.edu.pt\/portal\/matriculas-informacao-aos-encarregados-de-educacao-8-de-julho\/","title":{"rendered":"Matr\u00edculas &#8211; informa\u00e7\u00e3o aos Encarregados de Educa\u00e7\u00e3o &#8211; 8 de julho"},"content":{"rendered":"<div class=\"\" data-block=\"true\" data-editor=\"egs54\" data-offset-key=\"877cm-0-0\">\n<div class=\"_1mf _1mj\" data-offset-key=\"877cm-0-0\"><span data-offset-key=\"877cm-0-0\">MATR\u00cdCULAS 2020-2021<\/span><\/div>\n<\/div>\n<div class=\"\" data-block=\"true\" data-editor=\"egs54\" data-offset-key=\"f83eo-0-0\">\n<div class=\"_1mf _1mj\" data-offset-key=\"f83eo-0-0\"><span data-offset-key=\"f83eo-0-0\">INFORMA\u00c7\u00c3O AOS ENCARREGADOS DE EDUCA\u00c7\u00c3O<\/span><\/div>\n<\/div>\n<div class=\"\" data-block=\"true\" data-editor=\"egs54\" data-offset-key=\"ed8fl-0-0\">\n<div class=\"_1mf _1mj\" data-offset-key=\"ed8fl-0-0\"><span data-offset-key=\"ed8fl-0-0\">\u00a0<\/span><\/div>\n<\/div>\n<div class=\"\" data-block=\"true\" data-editor=\"egs54\" data-offset-key=\"eepki-0-0\">\n<div class=\"_1mf _1mj\" data-offset-key=\"eepki-0-0\"><span data-offset-key=\"eepki-0-0\">1. Informam-se os Encarregados de Educa\u00e7\u00e3o que as renova\u00e7\u00f5es de matr\u00edcula (EPE, 2.\u00ba, 3.\u00ba, 4.\u00ba, 6.\u00ba, 8.\u00ba, 9.\u00ba, 11.\u00ba, 12.\u00ba) passam a processar-se de forma autom\u00e1tica, nos mesmos termos em que acontecia no ano letivo transato, com exce\u00e7\u00e3o de transfer\u00eancias de estabelecimento. (esta informa\u00e7\u00e3o ser\u00e1 tamb\u00e9m disponibilizada atrav\u00e9s do Portal das Matr\u00edculas);<\/span><\/div>\n<\/div>\n<div class=\"\" data-block=\"true\" data-editor=\"egs54\" data-offset-key=\"6ss0l-0-0\">\n<div class=\"_1mf _1mj\" data-offset-key=\"6ss0l-0-0\"><span data-offset-key=\"6ss0l-0-0\">\u00a0<\/span><\/div>\n<\/div>\n<div class=\"\" data-block=\"true\" data-editor=\"egs54\" data-offset-key=\"aa99f-0-0\">\n<div class=\"_1mf _1mj\" data-offset-key=\"aa99f-0-0\"><span data-offset-key=\"aa99f-0-0\">2. Para os alunos cujos Encarregados de Educa\u00e7\u00e3o tenham j\u00e1 procedido a submiss\u00e3o de renova\u00e7\u00e3o no Portal das Matr\u00edculas, n\u00e3o s\u00e3o necess\u00e1rias mais dilig\u00eancias, uma vez que os AE\/ENA j\u00e1 disp\u00f5em de toda a informa\u00e7\u00e3o e o processo est\u00e1 completo;<\/span><\/div>\n<\/div>\n<div class=\"\" data-block=\"true\" data-editor=\"egs54\" data-offset-key=\"abpcs-0-0\">\n<div class=\"_1mf _1mj\" data-offset-key=\"abpcs-0-0\"><span data-offset-key=\"abpcs-0-0\">\u00a0<\/span><\/div>\n<\/div>\n<div class=\"\" data-block=\"true\" data-editor=\"egs54\" data-offset-key=\"9jfeh-0-0\">\n<div class=\"_1mf _1mj\" data-offset-key=\"9jfeh-0-0\"><span data-offset-key=\"9jfeh-0-0\">3. Sendo necess\u00e1rio recolher consentimento relativo \u00e0 prote\u00e7\u00e3o de dados pessoais e apurar as op\u00e7\u00f5es relativas \u00e0s disciplinas anuais de op\u00e7\u00e3o de 12.\u00ba ano, solicita-se o preenchimento do documento abaixo e o seu envio via digital para o email geral@aeamatolusitano.edu.pt , no intuito de anexar a informa\u00e7\u00e3o pretendida ao processo do aluno.<\/span><\/div>\n<\/div>\n<div data-offset-key=\"9jfeh-0-0\"><\/div>\n<div data-offset-key=\"9jfeh-0-0\"><\/div>\n<div data-offset-key=\"9jfeh-0-0\">Para 12\u00ba ano:<\/div>\n<div data-offset-key=\"9jfeh-0-0\">[download id=&#8221;3842&#8243;]<\/div>\n<div data-offset-key=\"9jfeh-0-0\"><\/div>\n","protected":false},"excerpt":{"rendered":"<p>MATR\u00cdCULAS 2020-2021 INFORMA\u00c7\u00c3O AOS ENCARREGADOS DE EDUCA\u00c7\u00c3O \u00a0 1. Informam-se os Encarregados de Educa\u00e7\u00e3o que as renova\u00e7\u00f5es de matr\u00edcula (EPE, 2.\u00ba, 3.\u00ba, 4.\u00ba, 6.\u00ba, 8.\u00ba, 9.\u00ba, 11.\u00ba, 12.\u00ba) passam a processar-se de forma autom\u00e1tica, nos mesmos termos em que acontecia no ano letivo transato, com&nbsp;<a href=\"http:\/\/aeal.edu.pt\/portal\/matriculas-informacao-aos-encarregados-de-educacao-8-de-julho\/\">&hellip;<\/a><\/p>\n","protected":false},"author":3,"featured_media":3702,"comment_status":"closed","ping_status":"closed","sticky":false,"template":"","format":"standard","meta":{"footnotes":""},"categories":[12],"tags":[],"class_list":["post-3846","post","type-post","status-publish","format-standard","has-post-thumbnail","hentry","category-geral","odd"],"_links":{"self":[{"href":"http:\/\/aeal.edu.pt\/portal\/wp-json\/wp\/v2\/posts\/3846","targetHints":{"allow":["GET"]}}],"collection":[{"href":"http:\/\/aeal.edu.pt\/portal\/wp-json\/wp\/v2\/posts"}],"about":[{"href":"http:\/\/aeal.edu.pt\/portal\/wp-json\/wp\/v2\/types\/post"}],"author":[{"embeddable":true,"href":"http:\/\/aeal.edu.pt\/portal\/wp-json\/wp\/v2\/users\/3"}],"replies":[{"embeddable":true,"href":"http:\/\/aeal.edu.pt\/portal\/wp-json\/wp\/v2\/comments?post=3846"}],"version-history":[{"count":0,"href":"http:\/\/aeal.edu.pt\/portal\/wp-json\/wp\/v2\/posts\/3846\/revisions"}],"wp:featuredmedia":[{"embeddable":true,"href":"http:\/\/aeal.edu.pt\/portal\/wp-json\/wp\/v2\/media\/3702"}],"wp:attachment":[{"href":"http:\/\/aeal.edu.pt\/portal\/wp-json\/wp\/v2\/media?parent=3846"}],"wp:term":[{"taxonomy":"category","embeddable":true,"href":"http:\/\/aeal.edu.pt\/portal\/wp-json\/wp\/v2\/categories?post=3846"},{"taxonomy":"post_tag","embeddable":true,"href":"http:\/\/aeal.edu.pt\/portal\/wp-json\/wp\/v2\/tags?post=3846"}],"curies":[{"name":"wp","href":"https:\/\/api.w.org\/{rel}","templated":true}]}}