{"id":4114,"date":"2020-10-11T20:40:25","date_gmt":"2020-10-11T19:40:25","guid":{"rendered":"http:\/\/aeal.edu.pt\/?p=4114"},"modified":"2020-10-11T20:40:25","modified_gmt":"2020-10-11T19:40:25","slug":"comunicado-a-comunidade-escolar","status":"publish","type":"post","link":"http:\/\/aeal.edu.pt\/portal\/comunicado-a-comunidade-escolar\/","title":{"rendered":"Comunicado \u00e0 Comunidade Escolar"},"content":{"rendered":"<p>Tendo conhecimento de alguns casos de cont\u00e1gio de COVID-19 no nosso Agrupamento, ap\u00f3s contacto com o SNS foram realizados testes aos alunos das turmas envolvidas.<\/p>\n<p>Deste modo,\u00a0informamos que os resultados dos testes feitos ontem, dia 10 de outubro, foram negativos para todos os alunos que o realizaram, com exce\u00e7\u00e3o de alguns casos positivos na Escola B\u00e1sica Quinta da Granja o que motivou, pela Autoridade regional de Sa\u00fade, o isolamento profil\u00e1tico por 15 dias de uma turma desta escola, que passar\u00e1 a ter aulas \u00e0 dist\u00e2ncia.<\/p>\n<p>Neste sentido informa-se que, hoje mesmo, foram realizados os procedimentos para uma higieniza\u00e7\u00e3o acrescida na Escola B\u00e1sica Quinta da Granja, bem como na Escola B\u00e1sica Jo\u00e3o Roiz apesar de os casos nesta identificados terem resultado negativo.<\/p>\n<p>Apelamos por isso \u00e0 responsabilidade individual de todos na luta contra o coronav\u00edrus e, por isso mesmo, devemos refor\u00e7ar a import\u00e2ncia dos h\u00e1bitos de higiene e de prote\u00e7\u00e3o que a todos se exige.<\/p>\n<p>Deste modo, ainda que para os alunos do 1\u00ba Ciclo n\u00e3o seja exigido a utiliza\u00e7\u00e3o de m\u00e1scara, a sua utiliza\u00e7\u00e3o pelos alunos deste ciclo ser\u00e1 sempre um meio de prote\u00e7\u00e3o individual e coletivo acrescido na sala de aula e no espa\u00e7o escolar.<\/p>\n<p>Refor\u00e7amos ainda a import\u00e2ncia de todos termos de manter os cuidados necess\u00e1rios, evitar conv\u00edvios de amigos e familiares, manter o distanciamento social sempre que poss\u00edvel, manter as regras de etiqueta respirat\u00f3ria e desinfe\u00e7\u00e3o, nomeadamente:<\/p>\n<p>&#8211; Distanciamento entre pessoas;<\/p>\n<p>&#8211; Higiene pessoal, nomeadamente a lavagem das m\u00e3os e etiqueta respirat\u00f3ria;<\/p>\n<p>&#8211; Utiliza\u00e7\u00e3o de equipamentos de prote\u00e7\u00e3o individual (por exemplo m\u00e1scaras);<\/p>\n<p>&#8211; Higiene ambiental, como a limpeza, desinfe\u00e7\u00e3o e ventila\u00e7\u00e3o adequada dos espa\u00e7os;<\/p>\n<p>&#8211; Automonitoriza\u00e7\u00e3o de sintomas, n\u00e3o se deslocando para a escola pessoas com sintomas sugestivos de COVID-19.<\/p>\n<p>Recomenda-se ainda, a todos os elementos da comunidade escolar, que se mantenham atentos ao surgimento de sintomas compat\u00edveis com COVID-19. Se algu\u00e9m da comunidade escolar ou do seu ambiente pr\u00f3ximo desenvolver sintomas sugestivos de COVID-19 deve permanecer em casa e contactar os servi\u00e7os de sa\u00fade atrav\u00e9s do telefone (SNS 24 &#8211; 808 24 24 24).<\/p>\n<p>Queremos assegurar que a comunica\u00e7\u00e3o ser\u00e1 mantida de forma flu\u00edda, n\u00e3o havendo de momento necessidade de adotar outros cuidados adicionais al\u00e9m da referida monitoriza\u00e7\u00e3o de sintomas.<\/p>\n<p>Para mais informa\u00e7\u00f5es, pode consultar o site da DGS da COVID-19 (<a href=\"http:\/\/www.covid19.min-saude.pt\/\">www.covid19.min-saude.pt<\/a>).<\/p>\n<p>&nbsp;<\/p>\n<p>O Diretor<\/p>\n<p>Prof. Jo\u00e3o Bel\u00e9m<\/p>\n","protected":false},"excerpt":{"rendered":"<p>Tendo conhecimento de alguns casos de cont\u00e1gio de COVID-19 no nosso Agrupamento, ap\u00f3s contacto com o SNS foram realizados testes aos alunos das turmas envolvidas. Deste modo,\u00a0informamos que os resultados dos testes feitos ontem, dia 10 de outubro, foram negativos para todos os alunos que&nbsp;<a href=\"http:\/\/aeal.edu.pt\/portal\/comunicado-a-comunidade-escolar\/\">&hellip;<\/a><\/p>\n","protected":false},"author":2,"featured_media":4115,"comment_status":"closed","ping_status":"closed","sticky":false,"template":"","format":"standard","meta":{"footnotes":""},"categories":[14,15,12,22,16],"tags":[],"class_list":["post-4114","post","type-post","status-publish","format-standard","has-post-thumbnail","hentry","category-1o-ciclo","category-2o-3o-ciclo","category-geral","category-profissionais","category-secundario","odd"],"_links":{"self":[{"href":"http:\/\/aeal.edu.pt\/portal\/wp-json\/wp\/v2\/posts\/4114","targetHints":{"allow":["GET"]}}],"collection":[{"href":"http:\/\/aeal.edu.pt\/portal\/wp-json\/wp\/v2\/posts"}],"about":[{"href":"http:\/\/aeal.edu.pt\/portal\/wp-json\/wp\/v2\/types\/post"}],"author":[{"embeddable":true,"href":"http:\/\/aeal.edu.pt\/portal\/wp-json\/wp\/v2\/users\/2"}],"replies":[{"embeddable":true,"href":"http:\/\/aeal.edu.pt\/portal\/wp-json\/wp\/v2\/comments?post=4114"}],"version-history":[{"count":0,"href":"http:\/\/aeal.edu.pt\/portal\/wp-json\/wp\/v2\/posts\/4114\/revisions"}],"wp:featuredmedia":[{"embeddable":true,"href":"http:\/\/aeal.edu.pt\/portal\/wp-json\/wp\/v2\/media\/4115"}],"wp:attachment":[{"href":"http:\/\/aeal.edu.pt\/portal\/wp-json\/wp\/v2\/media?parent=4114"}],"wp:term":[{"taxonomy":"category","embeddable":true,"href":"http:\/\/aeal.edu.pt\/portal\/wp-json\/wp\/v2\/categories?post=4114"},{"taxonomy":"post_tag","embeddable":true,"href":"http:\/\/aeal.edu.pt\/portal\/wp-json\/wp\/v2\/tags?post=4114"}],"curies":[{"name":"wp","href":"https:\/\/api.w.org\/{rel}","templated":true}]}}