{"id":4154,"date":"2020-10-26T21:21:40","date_gmt":"2020-10-26T21:21:40","guid":{"rendered":"http:\/\/aeal.edu.pt\/?p=4154"},"modified":"2020-10-26T21:21:40","modified_gmt":"2020-10-26T21:21:40","slug":"mensagem-do-diretor","status":"publish","type":"post","link":"http:\/\/aeal.edu.pt\/portal\/mensagem-do-diretor\/","title":{"rendered":"Mensagem do Diretor"},"content":{"rendered":"<p><strong>A escada da vida<\/strong><\/p>\n<p><strong>\u00a0<\/strong><\/p>\n<p>Meus amigos<\/p>\n<p>\u201cO caminho se faz caminhando\u2026\u201d<\/p>\n<p>Por este caminho que \u00e9 a vida\u2026 viver, \u00e9 evolu\u00e7\u00e3o. Dos caminhos s\u00e3o as escadas que me apaixonam, constitu\u00eddas por degraus, que por sua vez s\u00e3o compostos por um espelho e um cobertor<span style=\"text-decoration: line-through;\">,<\/span> simbolicamente em cada passo, um tempo de evolu\u00e7\u00e3o e outro de medita\u00e7\u00e3o ou reflex\u00e3o sobre o caminho percorrido.<\/p>\n<p>Hoje, venho dizer-vos que vou subir mais um degrau.<\/p>\n<p>Apesar de j\u00e1 se terem passado v\u00e1rios anos, parece que foi ontem que recebi as vossas boas vindas. Cada um de voc\u00eas marcou definitivamente a minha hist\u00f3ria, felizmente de forma muito positiva que com certeza levarei por toda a minha vida.<br \/>\nForam muitos momentos alegres, outros nem tanto, mas todos eles contribu\u00edram imensamente para que eu crescesse profissionalmente e, sobretudo, pessoalmente. Quero agradecer por cada segundo dispensado comigo, por cada sorriso, por cada bom dia e principalmente pelo conhecimento partilhado<\/p>\n<p>Estou com muito mais prepara\u00e7\u00e3o e compet\u00eancia, mas o mais importante de tudo s\u00e3o os amigos que fiz &#8211; a fam\u00edlia nova que descobri. Esta despedida n\u00e3o significa um adeus, apenas o ultrapassar de mais uma etapa em que estarei presente nas vossas vidas, mas de modo diferente.<\/p>\n<p>Levarei cada um no meu cora\u00e7\u00e3o com uma gratid\u00e3o enorme pela oportunidade e pela satisfa\u00e7\u00e3o proporcionada quando eu mais precisava. Que o sucesso continue ao lado de cada um e a felicidade seja uma companheira ass\u00eddua, assim como foi minha, durante todo o per\u00edodo que trabalhei convosco.<\/p>\n<p>Chegou ao fim mais uma etapa da minha vida profissional, subo mais um degrau na escada. Trabalhar convosco foi uma verdadeira honra e n\u00e3o me arrependo em nenhum momento de ter passado por aqui<\/p>\n<p>Tor\u00e7o para que alcancem, o sucesso nas vossas carreiras profissionais, e claro, tamb\u00e9m das vossas vidas pessoais.<\/p>\n<p>A todos os que me proporcionaram um ambiente de trabalho fant\u00e1stico, o meu muito obrigado. Nada foi imposs\u00edvel para n\u00f3s, porque trabalh\u00e1vamos com o verdadeiro esp\u00edrito de equipe. O vosso apoio e o companheirismo s\u00e3o \u00fanicos, algo que muito dificilmente encontrarei noutro lugar.<\/p>\n<p>A pr\u00f3xima etapa trar\u00e1 mais oportunidades para refletir sobre o caminho percorrido, refletir sobre o rumo que quero seguir e evoluir para o pr\u00f3ximo degrau.<\/p>\n<p>Algo que aprendi convosco \u00e9 que devemos controlar as nossas necessidades, os nossos anseios, as nossas expetativas para que assim possamos sentir-nos mais felizes, mais motivados, mais realizados &#8211; por isso, quando as coisas n\u00e3o forem bem, quando sentirmos que a nossa vida n\u00e3o tem sentido, quando vemos que este mundo n\u00e3o tem nem p\u00e9s nem cabe\u00e7a, sugiro que:<\/p>\n<p><em>Parem de subir, sentem-se na borda do degrau mais alto alcan\u00e7ado e meditem sobre o que v\u00eam, porque de outra forma, n\u00e3o v\u00e3o saber para onde est\u00e3o a ir, nem sequer se na verdade se nos dirigem para algum lugar.<\/em><\/p>\n<p>&nbsp;<\/p>\n<p>Bem hajam por tudo<\/p>\n<p>O vosso sempre amigo<\/p>\n<p>Jo\u00e3o Bel\u00e9m<\/p>\n","protected":false},"excerpt":{"rendered":"<p>A escada da vida \u00a0 Meus amigos \u201cO caminho se faz caminhando\u2026\u201d Por este caminho que \u00e9 a vida\u2026 viver, \u00e9 evolu\u00e7\u00e3o. Dos caminhos s\u00e3o as escadas que me apaixonam, constitu\u00eddas por degraus, que por sua vez s\u00e3o compostos por um espelho e um cobertor,&nbsp;<a href=\"http:\/\/aeal.edu.pt\/portal\/mensagem-do-diretor\/\">&hellip;<\/a><\/p>\n","protected":false},"author":2,"featured_media":4155,"comment_status":"closed","ping_status":"closed","sticky":false,"template":"","format":"standard","meta":{"footnotes":""},"categories":[14,15,18,19,20,21,17,12,22,16],"tags":[],"class_list":["post-4154","post","type-post","status-publish","format-standard","has-post-thumbnail","hentry","category-1o-ciclo","category-2o-3o-ciclo","category-eb1-do-valongo","category-eb1-dos-cebolais-e-retaxo","category-eb1-quinta-da-granja","category-ebi-joao-roiz","category-escola-secundaria-amato-lusiano","category-geral","category-profissionais","category-secundario","odd"],"_links":{"self":[{"href":"http:\/\/aeal.edu.pt\/portal\/wp-json\/wp\/v2\/posts\/4154","targetHints":{"allow":["GET"]}}],"collection":[{"href":"http:\/\/aeal.edu.pt\/portal\/wp-json\/wp\/v2\/posts"}],"about":[{"href":"http:\/\/aeal.edu.pt\/portal\/wp-json\/wp\/v2\/types\/post"}],"author":[{"embeddable":true,"href":"http:\/\/aeal.edu.pt\/portal\/wp-json\/wp\/v2\/users\/2"}],"replies":[{"embeddable":true,"href":"http:\/\/aeal.edu.pt\/portal\/wp-json\/wp\/v2\/comments?post=4154"}],"version-history":[{"count":0,"href":"http:\/\/aeal.edu.pt\/portal\/wp-json\/wp\/v2\/posts\/4154\/revisions"}],"wp:featuredmedia":[{"embeddable":true,"href":"http:\/\/aeal.edu.pt\/portal\/wp-json\/wp\/v2\/media\/4155"}],"wp:attachment":[{"href":"http:\/\/aeal.edu.pt\/portal\/wp-json\/wp\/v2\/media?parent=4154"}],"wp:term":[{"taxonomy":"category","embeddable":true,"href":"http:\/\/aeal.edu.pt\/portal\/wp-json\/wp\/v2\/categories?post=4154"},{"taxonomy":"post_tag","embeddable":true,"href":"http:\/\/aeal.edu.pt\/portal\/wp-json\/wp\/v2\/tags?post=4154"}],"curies":[{"name":"wp","href":"https:\/\/api.w.org\/{rel}","templated":true}]}}