{"id":4655,"date":"2021-09-13T18:55:23","date_gmt":"2021-09-13T17:55:23","guid":{"rendered":"http:\/\/aeal.edu.pt\/?p=4655"},"modified":"2021-09-13T18:55:23","modified_gmt":"2021-09-13T17:55:23","slug":"informacoes-aos-pais-e-ee-ano-letivo-2021-2022","status":"publish","type":"post","link":"http:\/\/aeal.edu.pt\/portal\/informacoes-aos-pais-e-ee-ano-letivo-2021-2022\/","title":{"rendered":"Informa\u00e7\u00f5es aos Pais e EE &#8211; Ano Letivo 2021\/2022"},"content":{"rendered":"<p>O ano letivo 2021\/2022 est\u00e1 a ser preparado a partir de um conjunto de orienta\u00e7\u00f5es excecionais emanadas pela DGS e pela DGEstE, para os diversos estabelecimentos de ensino, de maneira a garantir a retoma das atividades educativas e formativas em condi\u00e7\u00f5es de seguran\u00e7a, para toda a comunidade educativa.\u00a0Informam-se todos os Encarregados de Educa\u00e7\u00e3o que nos dias\u00a0<strong><u>16 a 17 de Setembro,<\/u><\/strong>\u00a0ir\u00e3o realizar-se reuni\u00f5es presenciais das turmas, conforme lista anexa. <u>Na reuni\u00e3o, s\u00f3 pode estar presente um representante por aluno<\/u>.<\/p>\n<p>&nbsp;<\/p>\n<p><strong><u>Os hor\u00e1rios das turmas ser\u00e3o afixados, por escola, e no InovarConsulta, a partir do dia 15 de setembro<\/u><\/strong><\/p>\n<p><strong><u>O in\u00edcio das atividades letivas, para o pr\u00e9-escolar e 1\u00baCEB, ser\u00e1 no dia 17 de setembro\u00a0<\/u><\/strong><\/p>\n<p>&nbsp;<\/p>\n<p>Os Encarregados de Educa\u00e7\u00e3o dos alunos que est\u00e3o a frequentar o agrupamento pela primeira vez devem aceder ao Inovar Consulta (<em><a href=\"https:\/\/inovar.aeal.edu.pt\/inovarconsulta\">https:\/\/inovar.aeal.edu.pt\/inovarconsulta<\/a><\/em>) e utilizar as seguintes credenciais de acesso: login &#8211; n\u00ba de processo do aluno, senha &#8211; n\u00ba completo do documento de identifica\u00e7\u00e3o do aluno (cart\u00e3o de cidad\u00e3o, passaporte, autoriza\u00e7\u00e3o de resid\u00eancia&#8230;). Os Encarregados de Educa\u00e7\u00e3o tomam conhecimento do n\u00ba do processo aquando da afixa\u00e7\u00e3o das turmas.<\/p>\n<p><strong>Votos de Boa Sa\u00fade e de um Excelente Ano Letivo<\/strong><\/p>\n<p>[download id=&#8221;4649&#8243;]<br \/>\n[download id=&#8221;4652&#8243;]<\/p>\n","protected":false},"excerpt":{"rendered":"<p>O ano letivo 2021\/2022 est\u00e1 a ser preparado a partir de um conjunto de orienta\u00e7\u00f5es excecionais emanadas pela DGS e pela DGEstE, para os diversos estabelecimentos de ensino, de maneira a garantir a retoma das atividades educativas e formativas em condi\u00e7\u00f5es de seguran\u00e7a, para toda&nbsp;<a href=\"http:\/\/aeal.edu.pt\/portal\/informacoes-aos-pais-e-ee-ano-letivo-2021-2022\/\">&hellip;<\/a><\/p>\n","protected":false},"author":2,"featured_media":3594,"comment_status":"closed","ping_status":"closed","sticky":false,"template":"","format":"standard","meta":{"footnotes":""},"categories":[12],"tags":[],"class_list":["post-4655","post","type-post","status-publish","format-standard","has-post-thumbnail","hentry","category-geral","odd"],"_links":{"self":[{"href":"http:\/\/aeal.edu.pt\/portal\/wp-json\/wp\/v2\/posts\/4655","targetHints":{"allow":["GET"]}}],"collection":[{"href":"http:\/\/aeal.edu.pt\/portal\/wp-json\/wp\/v2\/posts"}],"about":[{"href":"http:\/\/aeal.edu.pt\/portal\/wp-json\/wp\/v2\/types\/post"}],"author":[{"embeddable":true,"href":"http:\/\/aeal.edu.pt\/portal\/wp-json\/wp\/v2\/users\/2"}],"replies":[{"embeddable":true,"href":"http:\/\/aeal.edu.pt\/portal\/wp-json\/wp\/v2\/comments?post=4655"}],"version-history":[{"count":0,"href":"http:\/\/aeal.edu.pt\/portal\/wp-json\/wp\/v2\/posts\/4655\/revisions"}],"wp:featuredmedia":[{"embeddable":true,"href":"http:\/\/aeal.edu.pt\/portal\/wp-json\/wp\/v2\/media\/3594"}],"wp:attachment":[{"href":"http:\/\/aeal.edu.pt\/portal\/wp-json\/wp\/v2\/media?parent=4655"}],"wp:term":[{"taxonomy":"category","embeddable":true,"href":"http:\/\/aeal.edu.pt\/portal\/wp-json\/wp\/v2\/categories?post=4655"},{"taxonomy":"post_tag","embeddable":true,"href":"http:\/\/aeal.edu.pt\/portal\/wp-json\/wp\/v2\/tags?post=4655"}],"curies":[{"name":"wp","href":"https:\/\/api.w.org\/{rel}","templated":true}]}}