{"id":489,"date":"2015-06-12T12:00:33","date_gmt":"2015-06-12T12:00:33","guid":{"rendered":"http:\/\/aeal.edu.pt\/?p=489"},"modified":"2015-06-12T12:00:33","modified_gmt":"2015-06-12T12:00:33","slug":"cancoes-de-encantar","status":"publish","type":"post","link":"http:\/\/aeal.edu.pt\/portal\/cancoes-de-encantar\/","title":{"rendered":"Can\u00e7\u00f5es de Encantar"},"content":{"rendered":"<p style=\"text-align: justify;\">No dia 12 de junho, \u201cAs can\u00e7\u00f5es da minha escola\u201d chegaram ao Agrupamento de Escolas Amato Lusitano. Audit\u00f3rio da Escola Jo\u00e3o Roiz. O livro, que inclui um CD \u00e1udio, apresenta 28 can\u00e7\u00f5es, autoria e composi\u00e7\u00e3o de Lu\u00eds Portugal.<\/p>\n<p style=\"text-align: justify;\">Gra\u00e7as \u00e0 boa colabora\u00e7\u00e3o da equipa do Canal TV foi poss\u00edvel a transmiss\u00e3o em direto para as Escolas dos Cebolais, Valongo e Granja.<\/p>\n<p style=\"text-align: justify;\">\u00a0As boas-vindas foram dadas pelo Senhor Diretor do Agrupamento, Dr. Jo\u00e3o Bel\u00e9m.<\/p>\n<p style=\"text-align: justify;\">Lu\u00eds Portugal, voz do grupo <em>Jafumega<\/em>, autor e compositor, fez desfilar, entre outras can\u00e7\u00f5es, a \u201cMarcha das Vogais\u201d e a \u201cMarcha das Consoantes\u201d. Em tempo de Santos Populares, houve conson\u00e2ncia!<\/p>\n<p style=\"text-align: justify;\">Aprender pode ser muito divertido! As can\u00e7\u00f5es abordaram diversos conte\u00fados de Portugu\u00eas, Matem\u00e1tica e Estudo do Meio.<\/p>\n<p style=\"text-align: justify;\">Com os respetivos professores, 106 alunos do 1\u00ba ciclo acompanharam Lu\u00eds Portugal, num coro afinado e numa coreografia divertida. Houve rimas, houve palmas, houve risos e sorrisos, numa manh\u00e3 soalheira. \u201cFoi bonita a festa, p\u00e1.\u201d<\/p>\n","protected":false},"excerpt":{"rendered":"<p>No dia 12 de junho, \u201cAs can\u00e7\u00f5es da minha escola\u201d chegaram ao Agrupamento de Escolas Amato Lusitano. Audit\u00f3rio da Escola Jo\u00e3o Roiz. O livro, que inclui um CD \u00e1udio, apresenta 28 can\u00e7\u00f5es, autoria e composi\u00e7\u00e3o de Lu\u00eds Portugal. Gra\u00e7as \u00e0 boa colabora\u00e7\u00e3o da equipa do&nbsp;<a href=\"http:\/\/aeal.edu.pt\/portal\/cancoes-de-encantar\/\">&hellip;<\/a><\/p>\n","protected":false},"author":2,"featured_media":506,"comment_status":"closed","ping_status":"closed","sticky":false,"template":"","format":"standard","meta":{"footnotes":""},"categories":[14],"tags":[],"class_list":["post-489","post","type-post","status-publish","format-standard","has-post-thumbnail","hentry","category-1o-ciclo","odd"],"_links":{"self":[{"href":"http:\/\/aeal.edu.pt\/portal\/wp-json\/wp\/v2\/posts\/489","targetHints":{"allow":["GET"]}}],"collection":[{"href":"http:\/\/aeal.edu.pt\/portal\/wp-json\/wp\/v2\/posts"}],"about":[{"href":"http:\/\/aeal.edu.pt\/portal\/wp-json\/wp\/v2\/types\/post"}],"author":[{"embeddable":true,"href":"http:\/\/aeal.edu.pt\/portal\/wp-json\/wp\/v2\/users\/2"}],"replies":[{"embeddable":true,"href":"http:\/\/aeal.edu.pt\/portal\/wp-json\/wp\/v2\/comments?post=489"}],"version-history":[{"count":0,"href":"http:\/\/aeal.edu.pt\/portal\/wp-json\/wp\/v2\/posts\/489\/revisions"}],"wp:featuredmedia":[{"embeddable":true,"href":"http:\/\/aeal.edu.pt\/portal\/wp-json\/wp\/v2\/media\/506"}],"wp:attachment":[{"href":"http:\/\/aeal.edu.pt\/portal\/wp-json\/wp\/v2\/media?parent=489"}],"wp:term":[{"taxonomy":"category","embeddable":true,"href":"http:\/\/aeal.edu.pt\/portal\/wp-json\/wp\/v2\/categories?post=489"},{"taxonomy":"post_tag","embeddable":true,"href":"http:\/\/aeal.edu.pt\/portal\/wp-json\/wp\/v2\/tags?post=489"}],"curies":[{"name":"wp","href":"https:\/\/api.w.org\/{rel}","templated":true}]}}