{"id":561,"date":"2015-05-30T14:55:28","date_gmt":"2015-05-30T14:55:28","guid":{"rendered":"http:\/\/aeal.edu.pt\/?p=561"},"modified":"2015-05-30T14:55:28","modified_gmt":"2015-05-30T14:55:28","slug":"ix-mostra-nacional-de-ciencia","status":"publish","type":"post","link":"http:\/\/aeal.edu.pt\/portal\/ix-mostra-nacional-de-ciencia\/","title":{"rendered":"IX Mostra Nacional de Ci\u00eancia"},"content":{"rendered":"<p>Nos dias 28, 29 e 30 de Maio decorreu, em Lisboa, no Museu da Eletricidade a IX Mostra Nacional de Ci\u00eancia, no \u00e2mbito do Concurso de Jovens Cientistas e Investigadores, evento mais uma vez organizada pela Funda\u00e7\u00e3o da Juventude. Dos 100 trabalhos apurados para a final, 24 eram do Agrupamento de Escolas Amato Lusitano, facto destacado pelos organizadores e pelo j\u00fari. Nos \u00faltimos seis anos, j\u00e1 s\u00e3o 56 os nossos trabalhos presentes na final da Mostra o que demonstra a excel\u00eancia do trabalho que tem vindo a ser efetuado e que permitiu, at\u00e9 agora, que centenas de alunos tenham uma experi\u00eancia que promove um desenvolvimento pessoal e acad\u00e9mico relevante. Embora, desde sempre, o pr\u00e9mio seja a presen\u00e7a na Mostra Nacional, mais uma vez o j\u00fari entendeu valorizar os nossos projetos com um Pr\u00e9mio Especial e duas men\u00e7\u00f5es honrosas.<\/p>\n","protected":false},"excerpt":{"rendered":"<p>Nos dias 28, 29 e 30 de Maio decorreu, em Lisboa, no Museu da Eletricidade a IX Mostra Nacional de Ci\u00eancia, no \u00e2mbito do Concurso de Jovens Cientistas e Investigadores, evento mais uma vez organizada pela Funda\u00e7\u00e3o da Juventude. Dos 100 trabalhos apurados para a&nbsp;<a href=\"http:\/\/aeal.edu.pt\/portal\/ix-mostra-nacional-de-ciencia\/\">&hellip;<\/a><\/p>\n","protected":false},"author":2,"featured_media":562,"comment_status":"closed","ping_status":"closed","sticky":false,"template":"","format":"standard","meta":{"footnotes":""},"categories":[17,16],"tags":[],"class_list":["post-561","post","type-post","status-publish","format-standard","has-post-thumbnail","hentry","category-escola-secundaria-amato-lusiano","category-secundario","odd"],"_links":{"self":[{"href":"http:\/\/aeal.edu.pt\/portal\/wp-json\/wp\/v2\/posts\/561","targetHints":{"allow":["GET"]}}],"collection":[{"href":"http:\/\/aeal.edu.pt\/portal\/wp-json\/wp\/v2\/posts"}],"about":[{"href":"http:\/\/aeal.edu.pt\/portal\/wp-json\/wp\/v2\/types\/post"}],"author":[{"embeddable":true,"href":"http:\/\/aeal.edu.pt\/portal\/wp-json\/wp\/v2\/users\/2"}],"replies":[{"embeddable":true,"href":"http:\/\/aeal.edu.pt\/portal\/wp-json\/wp\/v2\/comments?post=561"}],"version-history":[{"count":0,"href":"http:\/\/aeal.edu.pt\/portal\/wp-json\/wp\/v2\/posts\/561\/revisions"}],"wp:featuredmedia":[{"embeddable":true,"href":"http:\/\/aeal.edu.pt\/portal\/wp-json\/wp\/v2\/media\/562"}],"wp:attachment":[{"href":"http:\/\/aeal.edu.pt\/portal\/wp-json\/wp\/v2\/media?parent=561"}],"wp:term":[{"taxonomy":"category","embeddable":true,"href":"http:\/\/aeal.edu.pt\/portal\/wp-json\/wp\/v2\/categories?post=561"},{"taxonomy":"post_tag","embeddable":true,"href":"http:\/\/aeal.edu.pt\/portal\/wp-json\/wp\/v2\/tags?post=561"}],"curies":[{"name":"wp","href":"https:\/\/api.w.org\/{rel}","templated":true}]}}