{"id":570,"date":"2015-06-28T14:29:07","date_gmt":"2015-06-28T14:29:07","guid":{"rendered":"http:\/\/aeal.edu.pt\/?p=570"},"modified":"2015-06-28T14:29:07","modified_gmt":"2015-06-28T14:29:07","slug":"seminario-tecnologias-um-caminho-para-a-inclusao","status":"publish","type":"post","link":"http:\/\/aeal.edu.pt\/portal\/seminario-tecnologias-um-caminho-para-a-inclusao\/","title":{"rendered":"Tecnologias: Um caminho para a Inclus\u00e3o"},"content":{"rendered":"<p style=\"text-align: justify;\">Nos dias 26 e 27 de junho o CRTIC de Castelo Branco, sedeado no Agrupamento de Escolas Amato Lusitano, organizou o Semin\u00e1rio \u201cTecnologias: Um caminho para a Inclus\u00e3o\u201d., no \u00e2mbito do projeto \u201cDesigual-sensibilizar e formar a comunidade\u201d financiado pela Funda\u00e7\u00e3o Calouste Gulbenkian. Na mesa de abertura, estiveram presentes o Senhor Vice-presidente da C\u00e2mara Municipal de Castelo Branco, os diretores da Seguran\u00e7a Social e do Instituto de Emprego e Forma\u00e7\u00e3o Profissional, o Vice-presidente do Instituto Polit\u00e9cnico de Castelo Branco e o Diretor do Agrupamento de Escolas Amato Lusitano. Devido \u00e0 import\u00e2ncia da tem\u00e1tica, estiveram presentes cerca de 200 profissionais de diferentes \u00e1reas.<\/p>\n<p>Com este Semin\u00e1rio pretendeu-se atingir um duplo objetivo:<\/p>\n<p>&#8211; Envolver todos os Agrupamentos de Escolas da Cidade de Castelo Branco;<\/p>\n<p>&#8211; Abordar a Transi\u00e7\u00e3o para a Vida Ativa (TVA) e as Tecnologias Apoio (TA) para alunos com Necessidades Educativas Especiais (NEE).<\/p>\n<p>Tanto o primeiro como o segundo objetivo enquadram-se no \u00e2mbito das compet\u00eancias do CRTIC. De acordo com o despacho n.\u00ba 5291\/2015, os CRTIC\u00b4s t\u00eam como atribui\u00e7\u00f5es, al\u00e9m de outras:<\/p>\n<p>&#8211; a presta\u00e7\u00e3o de servi\u00e7os de informa\u00e7\u00e3o, forma\u00e7\u00e3o e aconselhamento aos professores e comunidade educativa em geral, no que respeita \u00e0 utiliza\u00e7\u00e3o dos produtos de apoio (Ponto 3, al\u00ednea d));<\/p>\n<p>&#8211; a promo\u00e7\u00e3o de sess\u00f5es p\u00fablicas no \u00e2mbito das necessidades educativas especiais e da utiliza\u00e7\u00e3o de produtos de apoio, tendo como destinat\u00e1rios docentes, t\u00e9cnicos e encarregados de educa\u00e7\u00e3o (Ponto 3, al\u00ednea e));<\/p>\n<p>&#8211; a sensibiliza\u00e7\u00e3o de empresas e de servi\u00e7os p\u00fablicos para a admiss\u00e3o de alunos em programas de transi\u00e7\u00e3o para a vida p\u00f3s-escolar (Ponto 3, al\u00ednea g));<\/p>\n<p>Como se pode depreender pelas atribui\u00e7\u00f5es que s\u00e3o cometidas neste despacho ao CRTIC\u00b4s, pretendeu-se, neste Semin\u00e1rio, abordar duas dimens\u00f5es essenciais: Transi\u00e7\u00e3o para a Vida Ativa e Tecnologias de Apoio. Assim, foram convidados para abordar a TVA, o Professor Verdugo Alonso, professor catedr\u00e1tico da Universidade de Psicologia de Salamanca, ilustre investigador com uma obra bibliogr\u00e1fica extensa, que se tem dedicado ao estudo desta tem\u00e1tica e a doutoranda Joana Pinheiro que apresentou uma parte da investiga\u00e7\u00e3o que est\u00e1 a realizar no \u00e2mbito do seu doutoramento. Para abordar as TA, no primeiro dia, participaram nos pain\u00e9is as (os) Professoras(es), Margarida Almeida, Pedro Encarna\u00e7\u00e3o, Arminda Lopes e o Dr. Vitor Cruz. No segundo dia, estiveram presentes, o Mestre Miguel Neiva, o Engenheiro Lu\u00eds Figueiredo, e as empresas ACCAT, ATARAXIA e IMAGINA.<\/p>\n<p>De uma forma sintetizada, ao longo destes dois dias de semin\u00e1rio, foram partilhadas diversas experi\u00eancias, projetos, reflex\u00f5es e foram apresentadas diferentes solu\u00e7\u00f5es para responder \u00e0s necessidades individuais e desafios inerentes \u00e0 transi\u00e7\u00e3o para a vida ativa das pessoas com defici\u00eancia.<\/p>\n<p>Em jeito de conclus\u00e3o, salienta-se o seguinte:<\/p>\n<p>&nbsp;<\/p>\n<ul>\n<li>A inclus\u00e3o na educa\u00e7\u00e3o \u00e9 um meio de garantir um maior n\u00edvel de equidade.<\/li>\n<li>A escola tem um papel de charneira na resposta educativa e na prepara\u00e7\u00e3o para a vida ativa.<\/li>\n<li>A investiga\u00e7\u00e3o tem um papel fundamental para encontrar respostas mais eficazes no processo de inser\u00e7\u00e3o da pessoa com defici\u00eancia.<\/li>\n<li>O estabelecimento de parcerias entre os diferentes organismos\/institui\u00e7\u00f5es \u00e9 fundamental neste processo de inclus\u00e3o.<\/li>\n<li>Torna-se necess\u00e1rio encontrar meios de sensibilizar as entidades empregadoras, a fim de criar condi\u00e7\u00f5es para a inser\u00e7\u00e3o da pessoa com defici\u00eancia no mundo laboral.<\/li>\n<li>Essa inser\u00e7\u00e3o deve ser sempre preparada e organizada de acordo com os interesses e motiva\u00e7\u00f5es individuais e as expetativas da fam\u00edlia.<\/li>\n<li>Da\u00ed que o processo, para uma transi\u00e7\u00e3o de sucesso, englobe a identifica\u00e7\u00e3o de interesses e capacidades da pessoa, a defini\u00e7\u00e3o e implementa\u00e7\u00e3o de um plano de a\u00e7\u00e3o, a cria\u00e7\u00e3o de oportunidades de emprego e de oportunidades de vida independente.<\/li>\n<li>Foi real\u00e7ada a import\u00e2ncia de aumentar a acessibilidade e potenciar o trabalho colaborativo.<\/li>\n<li>Tornou-se bem evidente o incontorn\u00e1vel contributo das tecnologias na promo\u00e7\u00e3o da educa\u00e7\u00e3o inclusiva e no desenvolvimento da autonomia da pessoa com defici\u00eancia.<\/li>\n<li>As diversas ferramentas e aplica\u00e7\u00f5es, apresentadas e devidamente enquadradas em contextos de utiliza\u00e7\u00e3o, t\u00eam em comum o facto de contribu\u00edrem para a melhoria da qualidade de vida das pessoas com defici\u00eancia.<\/li>\n<\/ul>\n<p>&nbsp;<\/p>\n<p>Aproveitamos este espa\u00e7o, para agradecer a todas as entidades institucionais que direta ou indiretamente contribu\u00edram para a sua realiza\u00e7\u00e3o assim como a todos os que estiveram presentes.<\/p>\n<p>O nosso obrigado.<\/p>\n","protected":false},"excerpt":{"rendered":"<p>Nos dias 26 e 27 de junho o CRTIC de Castelo Branco, sedeado no Agrupamento de Escolas Amato Lusitano, organizou o Semin\u00e1rio \u201cTecnologias: Um caminho para a Inclus\u00e3o\u201d., no \u00e2mbito do projeto \u201cDesigual-sensibilizar e formar a comunidade\u201d financiado pela Funda\u00e7\u00e3o Calouste Gulbenkian. Na mesa de&nbsp;<a href=\"http:\/\/aeal.edu.pt\/portal\/seminario-tecnologias-um-caminho-para-a-inclusao\/\">&hellip;<\/a><\/p>\n","protected":false},"author":2,"featured_media":571,"comment_status":"closed","ping_status":"closed","sticky":false,"template":"","format":"standard","meta":{"footnotes":""},"categories":[12],"tags":[],"class_list":["post-570","post","type-post","status-publish","format-standard","has-post-thumbnail","hentry","category-geral","odd"],"_links":{"self":[{"href":"http:\/\/aeal.edu.pt\/portal\/wp-json\/wp\/v2\/posts\/570","targetHints":{"allow":["GET"]}}],"collection":[{"href":"http:\/\/aeal.edu.pt\/portal\/wp-json\/wp\/v2\/posts"}],"about":[{"href":"http:\/\/aeal.edu.pt\/portal\/wp-json\/wp\/v2\/types\/post"}],"author":[{"embeddable":true,"href":"http:\/\/aeal.edu.pt\/portal\/wp-json\/wp\/v2\/users\/2"}],"replies":[{"embeddable":true,"href":"http:\/\/aeal.edu.pt\/portal\/wp-json\/wp\/v2\/comments?post=570"}],"version-history":[{"count":0,"href":"http:\/\/aeal.edu.pt\/portal\/wp-json\/wp\/v2\/posts\/570\/revisions"}],"wp:featuredmedia":[{"embeddable":true,"href":"http:\/\/aeal.edu.pt\/portal\/wp-json\/wp\/v2\/media\/571"}],"wp:attachment":[{"href":"http:\/\/aeal.edu.pt\/portal\/wp-json\/wp\/v2\/media?parent=570"}],"wp:term":[{"taxonomy":"category","embeddable":true,"href":"http:\/\/aeal.edu.pt\/portal\/wp-json\/wp\/v2\/categories?post=570"},{"taxonomy":"post_tag","embeddable":true,"href":"http:\/\/aeal.edu.pt\/portal\/wp-json\/wp\/v2\/tags?post=570"}],"curies":[{"name":"wp","href":"https:\/\/api.w.org\/{rel}","templated":true}]}}