{"id":622,"date":"2017-09-08T16:48:40","date_gmt":"2017-09-08T15:48:40","guid":{"rendered":"http:\/\/aeal.edu.pt\/?p=622"},"modified":"2017-09-08T16:48:40","modified_gmt":"2017-09-08T15:48:40","slug":"rececao-calendarizacao-20172018","status":"publish","type":"post","link":"http:\/\/aeal.edu.pt\/portal\/rececao-calendarizacao-20172018\/","title":{"rendered":"Rece\u00e7\u00e3o aos alunos &#8211; Calendariza\u00e7\u00e3o"},"content":{"rendered":"<h2 style=\"text-align: center;\">Rece\u00e7\u00e3o &#8211; calendariza\u00e7\u00e3o 2017\/2018<\/h2>\n<p>Divulgamos o Calend\u00e1rio relativo \u00e0 rece\u00e7\u00e3o aos Alunos\/Encarregados de Educa\u00e7\u00e3o 2017\/2018<\/p>\n<p style=\"text-align: center;\"><strong><u>13 SETEMBRO &#8211; ESCOLA B\u00c1SICA JO\u00c3O ROIZ<\/u><\/strong><\/p>\n<p style=\"text-align: center;\"><strong><u>Reuni\u00f5es dos Encarregados de Educa\u00e7\u00e3o com o(a)professor(a) Titular de Turma<\/u><\/strong><\/p>\n<p>&nbsp;<\/p>\n<table width=\"982\">\n<tbody>\n<tr>\n<td width=\"65\"><strong>Hora<\/strong><\/td>\n<td width=\"322\"><strong>Turmas<\/strong><\/td>\n<td width=\"468\"><strong>Intervenientes<\/strong><\/td>\n<td width=\"126\"><strong>Sala<\/strong><\/td>\n<\/tr>\n<tr>\n<td rowspan=\"5\" width=\"65\">9.00<\/td>\n<td width=\"322\">3\u00baA<\/td>\n<td rowspan=\"5\" width=\"468\">Encarregados de Educa\u00e7\u00e3o com os Professores<\/p>\n<p>Titulares de Turma<\/td>\n<td width=\"126\">28<\/td>\n<\/tr>\n<tr>\n<td width=\"322\">3\u00baB<\/td>\n<td width=\"126\">26<\/td>\n<\/tr>\n<tr>\n<td width=\"322\">4\u00baA<\/td>\n<td width=\"126\">21<\/td>\n<\/tr>\n<tr>\n<td width=\"322\">4\u00baB<\/td>\n<td width=\"126\">22<\/td>\n<\/tr>\n<tr>\n<td width=\"322\">4\u00baC<\/td>\n<td width=\"126\">24<\/td>\n<\/tr>\n<\/tbody>\n<\/table>\n<p>&nbsp;<\/p>\n<table width=\"982\">\n<tbody>\n<tr>\n<td width=\"65\"><strong>Hora<\/strong><\/td>\n<td width=\"322\"><strong>Turmas<\/strong><\/td>\n<td width=\"468\"><strong>Intervenientes<\/strong><\/td>\n<td width=\"126\"><strong>Sala<\/strong><\/td>\n<\/tr>\n<tr>\n<td width=\"65\">9.45<\/td>\n<td width=\"322\">3\u00baA; 3\u00baB; 4\u00baA; 4\u00baB e 4\u00baC<\/td>\n<td width=\"468\">Boas vindas do Diretor aos Encarregados de Educa\u00e7\u00e3o e alunos<\/td>\n<td width=\"126\">Refeit\u00f3rio<\/td>\n<\/tr>\n<\/tbody>\n<\/table>\n<p style=\"text-align: center;\"><strong><u>13 SETEMBRO &#8211; ESCOLA B\u00c1SICA JO\u00c3O ROIZ<\/u><\/strong><\/p>\n<p>&nbsp;<\/p>\n<table width=\"982\">\n<tbody>\n<tr>\n<td width=\"65\"><strong>Hora<\/strong><\/td>\n<td width=\"322\"><strong>Turmas<\/strong><\/td>\n<td width=\"468\"><strong>Intervenientes<\/strong><\/td>\n<td width=\"126\"><strong>Sala<\/strong><\/td>\n<\/tr>\n<tr>\n<td width=\"65\">9.00<\/td>\n<td width=\"322\">5\u00baA, 5\u00baB, 5\u00baC, 5\u00baD, 5\u00baE<\/td>\n<td width=\"468\">Alunos com os Diretores de Turma<\/td>\n<td width=\"126\">Ver Anexo<\/td>\n<\/tr>\n<tr>\n<td rowspan=\"2\" width=\"65\">9:45<\/td>\n<td width=\"322\">5\u00baA, 5\u00baB, 5\u00baC, 5\u00baD, 5\u00baE<\/td>\n<td width=\"468\">Encarregados de Educa\u00e7\u00e3o com os Diretores de Turma<\/td>\n<td width=\"126\">Ver Anexo<\/td>\n<\/tr>\n<tr>\n<td width=\"322\">6\u00baA, 6\u00baB, 6\u00baC, 6\u00baD, 6\u00baE<\/td>\n<td width=\"468\">Alunos com os Diretores de Turma<\/td>\n<td width=\"126\">Ver Anexo<\/td>\n<\/tr>\n<tr>\n<td rowspan=\"2\" width=\"65\">10:30<\/td>\n<td width=\"322\">6\u00baA, 6\u00baB, 6\u00baC, 6\u00baD, 6\u00baE<\/td>\n<td width=\"468\">Encarregados de Educa\u00e7\u00e3o com os Diretores de Turma<\/td>\n<td width=\"126\">Ver Anexo<\/td>\n<\/tr>\n<tr>\n<td width=\"322\">7\u00baA, 7\u00baB, 7\u00baC, 7\u00baD, 7\u00baE<\/td>\n<td width=\"468\">Alunos com os Diretores de Turma<\/td>\n<td width=\"126\">Ver Anexo<\/td>\n<\/tr>\n<tr>\n<td rowspan=\"2\" width=\"65\">11:15<\/td>\n<td width=\"322\">7\u00baA, 7\u00baB, 7\u00baC, 7\u00baD, 7\u00baE<\/td>\n<td width=\"468\">Encarregados de Educa\u00e7\u00e3o com os Diretores de Turma<\/td>\n<td width=\"126\">Ver Anexo<\/td>\n<\/tr>\n<tr>\n<td width=\"322\">8\u00baA, 8\u00baB, 8\u00baC, 8\u00baD, 8\u00baE<\/td>\n<td width=\"468\">Alunos com os Diretores de Turma<\/td>\n<td width=\"126\">Ver Anexo<\/td>\n<\/tr>\n<tr>\n<td width=\"65\">12:30<\/td>\n<td width=\"322\">8\u00baA, 8\u00baB, 8\u00baC, 8\u00baD, 8\u00baE<\/td>\n<td width=\"468\">Encarregados de Educa\u00e7\u00e3o com os Diretores de Turma<\/td>\n<td width=\"126\">Ver Anexo<\/td>\n<\/tr>\n<\/tbody>\n<\/table>\n<p>&nbsp;<\/p>\n<p style=\"text-align: center;\"><strong><u>13 SETEMBRO &#8211; ESCOLA B\u00c1SICA JO\u00c3O ROIZ<\/u><\/strong><\/p>\n<p>&nbsp;<\/p>\n<table>\n<tbody>\n<tr>\n<td width=\"175\"><strong>Turma<\/strong><\/td>\n<td width=\"142\"><strong>Sala<\/strong><\/td>\n<td width=\"19\"><strong>\u00a0<\/strong><\/td>\n<td width=\"175\"><strong>Turma<\/strong><\/td>\n<td width=\"142\"><strong>Sala<\/strong><\/td>\n<\/tr>\n<tr>\n<td width=\"175\">5\u00baA<\/td>\n<td width=\"142\">32<\/td>\n<td width=\"19\"><\/td>\n<td width=\"175\">7\u00baA<\/td>\n<td width=\"142\">37A<\/td>\n<\/tr>\n<tr>\n<td width=\"175\">5\u00baB<\/td>\n<td width=\"142\">33<\/td>\n<td width=\"19\"><\/td>\n<td width=\"175\">7\u00baB<\/td>\n<td width=\"142\">41<\/td>\n<\/tr>\n<tr>\n<td width=\"175\">5\u00baC<\/td>\n<td width=\"142\">16<\/td>\n<td width=\"19\"><\/td>\n<td width=\"175\">7\u00baC<\/td>\n<td width=\"142\">38<\/td>\n<\/tr>\n<tr>\n<td width=\"175\">5\u00baD<\/td>\n<td width=\"142\">17<\/td>\n<td width=\"19\"><\/td>\n<td width=\"175\">7\u00baD<\/td>\n<td width=\"142\">42<\/td>\n<\/tr>\n<tr>\n<td width=\"175\">5\u00baE<\/td>\n<td width=\"142\">30<\/td>\n<td width=\"19\"><\/td>\n<td width=\"175\">7\u00baE<\/td>\n<td width=\"142\">43<\/td>\n<\/tr>\n<tr>\n<td width=\"175\">6\u00baA<\/td>\n<td width=\"142\">12<\/td>\n<td width=\"19\"><\/td>\n<td width=\"175\">8\u00baA<\/td>\n<td width=\"142\">9<\/td>\n<\/tr>\n<tr>\n<td width=\"175\">6\u00baB<\/td>\n<td width=\"142\">11<\/td>\n<td width=\"19\"><\/td>\n<td width=\"175\">8\u00baB<\/td>\n<td width=\"142\">10<\/td>\n<\/tr>\n<tr>\n<td width=\"175\">6\u00baC<\/td>\n<td width=\"142\">10<\/td>\n<td width=\"19\"><\/td>\n<td width=\"175\">8\u00baC<\/td>\n<td width=\"142\">11<\/td>\n<\/tr>\n<tr>\n<td width=\"175\">6\u00baD<\/td>\n<td width=\"142\">9<\/td>\n<td width=\"19\"><\/td>\n<td width=\"175\">8\u00baD<\/td>\n<td width=\"142\">12<\/td>\n<\/tr>\n<tr>\n<td width=\"175\">6\u00baE<\/td>\n<td width=\"142\">18<\/td>\n<td width=\"19\"><\/td>\n<td width=\"175\">8\u00baE<\/td>\n<td width=\"142\">35<\/td>\n<\/tr>\n<\/tbody>\n<\/table>\n<p>&nbsp;<\/p>\n<p style=\"text-align: center;\"><strong><u>12 SETEMBRO &#8211; ESCOLA AMATO LUSITANO<\/u><\/strong><\/p>\n<p>&nbsp;<\/p>\n<table width=\"982\">\n<tbody>\n<tr>\n<td width=\"65\"><strong>Hora<\/strong><\/td>\n<td width=\"322\"><strong>Turmas<\/strong><\/td>\n<td width=\"468\"><strong>Intervenientes<\/strong><\/td>\n<td width=\"126\"><strong>Sala<\/strong><\/td>\n<\/tr>\n<tr>\n<td rowspan=\"2\" width=\"65\">09:30<\/td>\n<td rowspan=\"2\" width=\"322\">9\u00baA, 9\u00baB, 9\u00baC, 9\u00baD, 9\u00baE<\/td>\n<td width=\"468\">Encarregados de Educa\u00e7\u00e3o com o Diretor do Agrupamento<\/td>\n<td width=\"126\">Sala Lu\u00eds de Cam\u00f5es<\/td>\n<\/tr>\n<tr>\n<td width=\"468\">Alunos com os Diretores de Turma<\/td>\n<td width=\"126\">Ver Anexo<\/td>\n<\/tr>\n<tr>\n<td rowspan=\"3\" width=\"65\">10:00<\/td>\n<td width=\"322\">9\u00baA, 9\u00baB, 9\u00baC, 9\u00baD, 9\u00baE<\/td>\n<td width=\"468\">Encarregados de Educa\u00e7\u00e3o com os Diretores de Turma<\/td>\n<td width=\"126\">Ver Anexo<\/td>\n<\/tr>\n<tr>\n<td rowspan=\"2\" width=\"322\">CEF \u2013\u00a0 E I, AMM<\/td>\n<td width=\"468\">Encarregados de Educa\u00e7\u00e3o com o Diretor do Agrupamento<\/td>\n<td width=\"126\">Sala Lu\u00eds de Cam\u00f5es<\/td>\n<\/tr>\n<tr>\n<td width=\"468\">Alunos com os Diretores de Turma<\/td>\n<td width=\"126\">Ver Anexo<\/td>\n<\/tr>\n<tr>\n<td width=\"65\">10:30<\/td>\n<td width=\"322\">CEF \u2013\u00a0 E I, AMM<\/td>\n<td width=\"468\">Encarregados de Educa\u00e7\u00e3o com os Diretores de Turma<\/td>\n<td width=\"126\">Ver Anexo<\/td>\n<\/tr>\n<\/tbody>\n<\/table>\n<p>&nbsp;<\/p>\n<table>\n<tbody>\n<tr>\n<td width=\"258\"><strong>Turma<\/strong><\/td>\n<td width=\"142\"><strong>Sala<\/strong><\/td>\n<\/tr>\n<tr>\n<td width=\"258\">9\u00baA<\/td>\n<td width=\"142\">42<\/td>\n<\/tr>\n<tr>\n<td width=\"258\">9\u00baB<\/td>\n<td width=\"142\">45<\/td>\n<\/tr>\n<tr>\n<td width=\"258\">9\u00baC<\/td>\n<td width=\"142\">46<\/td>\n<\/tr>\n<tr>\n<td width=\"258\">9\u00baD<\/td>\n<td width=\"142\">47<\/td>\n<\/tr>\n<tr>\n<td width=\"258\">9\u00ba E<\/td>\n<td width=\"142\">31<\/td>\n<\/tr>\n<tr>\n<td width=\"258\"><\/td>\n<td width=\"142\"><\/td>\n<\/tr>\n<tr>\n<td width=\"258\">CEF \u2013 Inst. Elet.- 1\u00ba ano<\/td>\n<td width=\"142\">42<\/td>\n<\/tr>\n<tr>\n<td width=\"258\">CEF \u2013 AMM \u2013 1\u00baano<\/td>\n<td width=\"142\">45<\/td>\n<\/tr>\n<\/tbody>\n<\/table>\n<p>&nbsp;<\/p>\n<p style=\"text-align: center;\"><strong><u>12 SETEMBRO &#8211; ESCOLA AMATO LUSITANO<\/u><\/strong><\/p>\n<p>&nbsp;<\/p>\n<table width=\"982\">\n<tbody>\n<tr>\n<td width=\"65\"><strong>Hora<\/strong><\/td>\n<td width=\"322\"><strong>Turmas<\/strong><\/td>\n<td width=\"468\"><strong>Intervenientes<\/strong><\/td>\n<td width=\"126\"><strong>Sala<\/strong><\/td>\n<\/tr>\n<tr>\n<td rowspan=\"2\" width=\"65\">14:00<\/td>\n<td rowspan=\"2\" width=\"322\">10\u00baCT1, 10\u00baCT2<\/td>\n<td width=\"468\">Encarregados de Educa\u00e7\u00e3o com o Diretor do Agrupamento<\/td>\n<td width=\"126\">Sala Lu\u00eds de Cam\u00f5es<\/td>\n<\/tr>\n<tr>\n<td width=\"468\">Alunos com os Diretores de Turma<\/td>\n<td width=\"126\">Ver Anexo<\/td>\n<\/tr>\n<tr>\n<td rowspan=\"3\" width=\"65\">14:45<\/td>\n<td width=\"322\">10\u00baCT1, 10\u00baCT2<\/td>\n<td width=\"468\">Encarregados de Educa\u00e7\u00e3o com os Diretores de Turma<\/td>\n<td width=\"126\">Ver Anexo<\/td>\n<\/tr>\n<tr>\n<td rowspan=\"2\" width=\"322\">10\u00baCSE\/CT3, 10\u00baAVIS<\/td>\n<td width=\"468\">Encarregados de Educa\u00e7\u00e3o com o Diretor do Agrupamento<\/td>\n<td width=\"126\">Sala Lu\u00eds de Cam\u00f5es<\/td>\n<\/tr>\n<tr>\n<td width=\"468\">Alunos com os Diretores de Turma<\/td>\n<td width=\"126\">Ver Anexo<\/td>\n<\/tr>\n<tr>\n<td rowspan=\"3\" width=\"65\">15:30<\/td>\n<td width=\"322\">10\u00baCSE\/CT3, 10\u00baAVIS<\/td>\n<td width=\"468\">Encarregados de Educa\u00e7\u00e3o com os Diretores de Turma<\/td>\n<td width=\"126\">Ver Anexo<\/td>\n<\/tr>\n<tr>\n<td rowspan=\"2\" width=\"322\">10\u00baDESP1, 10\u00baDESP2,10\u00baMULTI, 10\u00baMECA, 10\u00baPROG<\/td>\n<td width=\"468\">Encarregados de Educa\u00e7\u00e3o com o Diretor do Agrupamento<\/td>\n<td width=\"126\">Sala Lu\u00eds de Cam\u00f5es<\/td>\n<\/tr>\n<tr>\n<td width=\"468\">Alunos com os Diretores de Turma<\/td>\n<td width=\"126\">Ver Anexo<\/td>\n<\/tr>\n<tr>\n<td width=\"65\">16:15<\/td>\n<td width=\"322\">10\u00baDESP1, 10\u00baDESP2,10\u00baMULTI, 10\u00baMECA, 10\u00baPROG<\/td>\n<td width=\"468\">Encarregados de Educa\u00e7\u00e3o com os Diretores de Turma<\/td>\n<td width=\"126\">Ver Anexo<\/td>\n<\/tr>\n<\/tbody>\n<\/table>\n<p>&nbsp;<\/p>\n<table>\n<tbody>\n<tr>\n<td width=\"258\"><strong>Turma<\/strong><\/td>\n<td width=\"142\"><strong>Sala<\/strong><\/td>\n<\/tr>\n<tr>\n<td width=\"258\">10\u00baCT1<\/td>\n<td width=\"142\">42<\/td>\n<\/tr>\n<tr>\n<td width=\"258\">10\u00baCT2<\/td>\n<td width=\"142\">45<\/td>\n<\/tr>\n<tr>\n<td width=\"258\">10\u00baCSE\/CT3<\/td>\n<td width=\"142\">46<\/td>\n<\/tr>\n<tr>\n<td width=\"258\">10\u00baAVIS<\/td>\n<td width=\"142\">47<\/td>\n<\/tr>\n<tr>\n<td width=\"258\">10\u00baDESP 1<\/td>\n<td width=\"142\">31<\/td>\n<\/tr>\n<tr>\n<td width=\"258\">10\u00baDESP 2<\/td>\n<td width=\"142\">33<\/td>\n<\/tr>\n<tr>\n<td width=\"258\">10\u00baMULTI<\/td>\n<td width=\"142\">32<\/td>\n<\/tr>\n<tr>\n<td width=\"258\">10\u00baMECA<\/td>\n<td width=\"142\">24<\/td>\n<\/tr>\n<tr>\n<td width=\"258\">10\u00baPROG<\/td>\n<td width=\"142\">25<\/td>\n<\/tr>\n<\/tbody>\n<\/table>\n<h3 style=\"text-align: center;\"><span style=\"text-decoration: underline;\"><strong>13 de SETEMBRO<\/strong><\/span><\/h3>\n<p>In\u00edcio das atividades letivas para todos os\u00a0alunos de acordo com os hor\u00e1rios das turmas<\/p>\n","protected":false},"excerpt":{"rendered":"<p>Rece\u00e7\u00e3o &#8211; calendariza\u00e7\u00e3o 2017\/2018 Divulgamos o Calend\u00e1rio relativo \u00e0 rece\u00e7\u00e3o aos Alunos\/Encarregados de Educa\u00e7\u00e3o 2017\/2018 13 SETEMBRO &#8211; ESCOLA B\u00c1SICA JO\u00c3O ROIZ Reuni\u00f5es dos Encarregados de Educa\u00e7\u00e3o com o(a)professor(a) Titular de Turma &nbsp; Hora Turmas Intervenientes Sala 9.00 3\u00baA Encarregados de Educa\u00e7\u00e3o com os Professores&nbsp;<a href=\"http:\/\/aeal.edu.pt\/portal\/rececao-calendarizacao-20172018\/\">&hellip;<\/a><\/p>\n","protected":false},"author":2,"featured_media":648,"comment_status":"closed","ping_status":"closed","sticky":false,"template":"","format":"standard","meta":{"footnotes":""},"categories":[14,15,18,19,20,21,17,12,22,16],"tags":[],"class_list":["post-622","post","type-post","status-publish","format-standard","has-post-thumbnail","hentry","category-1o-ciclo","category-2o-3o-ciclo","category-eb1-do-valongo","category-eb1-dos-cebolais-e-retaxo","category-eb1-quinta-da-granja","category-ebi-joao-roiz","category-escola-secundaria-amato-lusiano","category-geral","category-profissionais","category-secundario","odd"],"_links":{"self":[{"href":"http:\/\/aeal.edu.pt\/portal\/wp-json\/wp\/v2\/posts\/622","targetHints":{"allow":["GET"]}}],"collection":[{"href":"http:\/\/aeal.edu.pt\/portal\/wp-json\/wp\/v2\/posts"}],"about":[{"href":"http:\/\/aeal.edu.pt\/portal\/wp-json\/wp\/v2\/types\/post"}],"author":[{"embeddable":true,"href":"http:\/\/aeal.edu.pt\/portal\/wp-json\/wp\/v2\/users\/2"}],"replies":[{"embeddable":true,"href":"http:\/\/aeal.edu.pt\/portal\/wp-json\/wp\/v2\/comments?post=622"}],"version-history":[{"count":0,"href":"http:\/\/aeal.edu.pt\/portal\/wp-json\/wp\/v2\/posts\/622\/revisions"}],"wp:featuredmedia":[{"embeddable":true,"href":"http:\/\/aeal.edu.pt\/portal\/wp-json\/wp\/v2\/media\/648"}],"wp:attachment":[{"href":"http:\/\/aeal.edu.pt\/portal\/wp-json\/wp\/v2\/media?parent=622"}],"wp:term":[{"taxonomy":"category","embeddable":true,"href":"http:\/\/aeal.edu.pt\/portal\/wp-json\/wp\/v2\/categories?post=622"},{"taxonomy":"post_tag","embeddable":true,"href":"http:\/\/aeal.edu.pt\/portal\/wp-json\/wp\/v2\/tags?post=622"}],"curies":[{"name":"wp","href":"https:\/\/api.w.org\/{rel}","templated":true}]}}