{"id":6353,"date":"2023-03-17T12:25:47","date_gmt":"2023-03-17T12:25:47","guid":{"rendered":"http:\/\/aeal.edu.pt\/portal\/?p=6353"},"modified":"2023-03-20T12:27:38","modified_gmt":"2023-03-20T12:27:38","slug":"simulacro-de-incendio","status":"publish","type":"post","link":"http:\/\/aeal.edu.pt\/portal\/simulacro-de-incendio\/","title":{"rendered":"Simulacro de inc\u00eandio"},"content":{"rendered":"<p><span class=\"x193iq5w xeuugli x13faqbe x1vvkbs x1xmvt09 x1lliihq x1s928wv xhkezso x1gmr53x x1cpjm7i x1fgarty x1943h6x xudqn12 x3x7a5m x6prxxf xvq8zen xo1l8bm xzsf02u x1yc453h\" dir=\"auto\">A fim de comemorar o Dia Internacional da Prote\u00e7\u00e3o Civil, o Servi\u00e7o Municipal de Prote\u00e7\u00e3o Civil (SMPC) agendou, para o m\u00eas de mar\u00e7o, simulacros de evacua\u00e7\u00e3o em todas as escolas dos v\u00e1rios agrupamentos do Concelho de Castelo Branco. No dia 16, foi realizado o simulacro nas EB1\/JI da Quinta da Granja e EB1 Valongo e hoje, dia 17, na EB\/JI Cebolais\/Retaxo. As crian\u00e7as seguiram ordeiramente as instru\u00e7\u00f5es dos respons\u00e1veis e entenderam o objetivo desta a\u00e7\u00e3o: a salvaguarda da vida humana, da propriedade e do patrim\u00f3nio cultural e ambiental, face \u00e0 ocorr\u00eancia de acidentes graves e cat\u00e1strofes.<\/span><\/p>\n","protected":false},"excerpt":{"rendered":"<p>A fim de comemorar o Dia Internacional da Prote\u00e7\u00e3o Civil, o Servi\u00e7o Municipal de Prote\u00e7\u00e3o Civil (SMPC) agendou, para o m\u00eas de mar\u00e7o, simulacros de evacua\u00e7\u00e3o em todas as escolas dos v\u00e1rios agrupamentos do Concelho de Castelo Branco. No dia 16, foi realizado o simulacro&nbsp;<a href=\"http:\/\/aeal.edu.pt\/portal\/simulacro-de-incendio\/\">&hellip;<\/a><\/p>\n","protected":false},"author":1,"featured_media":6354,"comment_status":"closed","ping_status":"open","sticky":false,"template":"","format":"standard","meta":{"footnotes":""},"categories":[1],"tags":[],"class_list":["post-6353","post","type-post","status-publish","format-standard","has-post-thumbnail","hentry","category-desporto-escolar","odd"],"_links":{"self":[{"href":"http:\/\/aeal.edu.pt\/portal\/wp-json\/wp\/v2\/posts\/6353","targetHints":{"allow":["GET"]}}],"collection":[{"href":"http:\/\/aeal.edu.pt\/portal\/wp-json\/wp\/v2\/posts"}],"about":[{"href":"http:\/\/aeal.edu.pt\/portal\/wp-json\/wp\/v2\/types\/post"}],"author":[{"embeddable":true,"href":"http:\/\/aeal.edu.pt\/portal\/wp-json\/wp\/v2\/users\/1"}],"replies":[{"embeddable":true,"href":"http:\/\/aeal.edu.pt\/portal\/wp-json\/wp\/v2\/comments?post=6353"}],"version-history":[{"count":1,"href":"http:\/\/aeal.edu.pt\/portal\/wp-json\/wp\/v2\/posts\/6353\/revisions"}],"predecessor-version":[{"id":6355,"href":"http:\/\/aeal.edu.pt\/portal\/wp-json\/wp\/v2\/posts\/6353\/revisions\/6355"}],"wp:featuredmedia":[{"embeddable":true,"href":"http:\/\/aeal.edu.pt\/portal\/wp-json\/wp\/v2\/media\/6354"}],"wp:attachment":[{"href":"http:\/\/aeal.edu.pt\/portal\/wp-json\/wp\/v2\/media?parent=6353"}],"wp:term":[{"taxonomy":"category","embeddable":true,"href":"http:\/\/aeal.edu.pt\/portal\/wp-json\/wp\/v2\/categories?post=6353"},{"taxonomy":"post_tag","embeddable":true,"href":"http:\/\/aeal.edu.pt\/portal\/wp-json\/wp\/v2\/tags?post=6353"}],"curies":[{"name":"wp","href":"https:\/\/api.w.org\/{rel}","templated":true}]}}