{"id":6361,"date":"2023-03-22T12:07:30","date_gmt":"2023-03-22T12:07:30","guid":{"rendered":"http:\/\/aeal.edu.pt\/portal\/?p=6361"},"modified":"2023-03-22T17:39:30","modified_gmt":"2023-03-22T17:39:30","slug":"orcamento-participativo-propostas-a-votacao","status":"publish","type":"post","link":"http:\/\/aeal.edu.pt\/portal\/orcamento-participativo-propostas-a-votacao\/","title":{"rendered":"Or\u00e7amento participativo -Propostas a vota\u00e7\u00e3o"},"content":{"rendered":"<p id=\"h.p_oIXYTay1gmvy\" class=\"CDt4Ke zfr3Q\">Apenas uma proposta foi entregue pelos estudantes, que foi aceite e ser\u00e1 levada a vota\u00e7\u00e3o no pr\u00f3ximo dia 24 de mar\u00e7o de 2023.<br \/>\n<strong>PROPOSTA A:<\/strong> promover a igualdade de oportunidades para toda a comunidade escolar, minimizando o efeito das limita\u00e7\u00f5es de alguns elementos da comunidade. Na defini\u00e7\u00e3o das medidas foram tidas em considera\u00e7\u00e3o as limita\u00e7\u00f5es visuais, f\u00edsico-motoras, auditivas e da voz.<\/p>\n<p class=\"CDt4Ke zfr3Q\">A proposta A foi apresentada por cinco alunos do 11.\u00baano de escolaridade.<\/p>\n<p class=\"CDt4Ke zfr3Q\">Segue uma breve apresenta\u00e7\u00e3o da proposta.<\/p>\n<div style=\"width: 1200px;\" class=\"wp-video\"><video class=\"wp-video-shortcode\" id=\"video-6361-1\" width=\"1200\" height=\"675\" preload=\"metadata\" controls=\"controls\"><source type=\"video\/mp4\" src=\"http:\/\/aeal.edu.pt\/portal\/wp-content\/uploads\/2023\/03\/Untitled.mp4?_=1\" \/><a href=\"http:\/\/aeal.edu.pt\/portal\/wp-content\/uploads\/2023\/03\/Untitled.mp4\">http:\/\/aeal.edu.pt\/portal\/wp-content\/uploads\/2023\/03\/Untitled.mp4<\/a><\/video><\/div>\n<p>&nbsp;<\/p>\n<p>&nbsp;<\/p>\n<p>&nbsp;<\/p>\n","protected":false},"excerpt":{"rendered":"<p>Apenas uma proposta foi entregue pelos estudantes, que foi aceite e ser\u00e1 levada a vota\u00e7\u00e3o no pr\u00f3ximo dia 24 de mar\u00e7o de 2023. PROPOSTA A: promover a igualdade de oportunidades para toda a comunidade escolar, minimizando o efeito das limita\u00e7\u00f5es de alguns elementos da comunidade.&nbsp;<a href=\"http:\/\/aeal.edu.pt\/portal\/orcamento-participativo-propostas-a-votacao\/\">&hellip;<\/a><\/p>\n","protected":false},"author":1,"featured_media":6363,"comment_status":"closed","ping_status":"open","sticky":false,"template":"","format":"standard","meta":{"footnotes":""},"categories":[1],"tags":[],"class_list":["post-6361","post","type-post","status-publish","format-standard","has-post-thumbnail","hentry","category-desporto-escolar","odd"],"_links":{"self":[{"href":"http:\/\/aeal.edu.pt\/portal\/wp-json\/wp\/v2\/posts\/6361","targetHints":{"allow":["GET"]}}],"collection":[{"href":"http:\/\/aeal.edu.pt\/portal\/wp-json\/wp\/v2\/posts"}],"about":[{"href":"http:\/\/aeal.edu.pt\/portal\/wp-json\/wp\/v2\/types\/post"}],"author":[{"embeddable":true,"href":"http:\/\/aeal.edu.pt\/portal\/wp-json\/wp\/v2\/users\/1"}],"replies":[{"embeddable":true,"href":"http:\/\/aeal.edu.pt\/portal\/wp-json\/wp\/v2\/comments?post=6361"}],"version-history":[{"count":4,"href":"http:\/\/aeal.edu.pt\/portal\/wp-json\/wp\/v2\/posts\/6361\/revisions"}],"predecessor-version":[{"id":6367,"href":"http:\/\/aeal.edu.pt\/portal\/wp-json\/wp\/v2\/posts\/6361\/revisions\/6367"}],"wp:featuredmedia":[{"embeddable":true,"href":"http:\/\/aeal.edu.pt\/portal\/wp-json\/wp\/v2\/media\/6363"}],"wp:attachment":[{"href":"http:\/\/aeal.edu.pt\/portal\/wp-json\/wp\/v2\/media?parent=6361"}],"wp:term":[{"taxonomy":"category","embeddable":true,"href":"http:\/\/aeal.edu.pt\/portal\/wp-json\/wp\/v2\/categories?post=6361"},{"taxonomy":"post_tag","embeddable":true,"href":"http:\/\/aeal.edu.pt\/portal\/wp-json\/wp\/v2\/tags?post=6361"}],"curies":[{"name":"wp","href":"https:\/\/api.w.org\/{rel}","templated":true}]}}