{"id":761,"date":"2015-10-09T10:03:58","date_gmt":"2015-10-09T10:03:58","guid":{"rendered":"http:\/\/aeal.edu.pt\/?p=761"},"modified":"2015-10-09T10:03:58","modified_gmt":"2015-10-09T10:03:58","slug":"vaivem-oceanario-em-c-branco-exposicao-itinerante-portugal-e-mar","status":"publish","type":"post","link":"http:\/\/aeal.edu.pt\/portal\/vaivem-oceanario-em-c-branco-exposicao-itinerante-portugal-e-mar\/","title":{"rendered":"Vaiv\u00e9m Ocean\u00e1rio em C. Branco"},"content":{"rendered":"<p><strong>Alunos do Agrupamento visitam o Vaiv\u00e9m Ocean\u00e1rio<\/strong><\/p>\n<p>Durante a semana de 6 a 9 de outubro foram v\u00e1rias as turmas do Agrupamento de Escolas Amato Lusitano que visitaram a exposi\u00e7\u00e3o itinerante do Ocean\u00e1rio de Lisboa, localizada na Pra\u00e7a do Munic\u00edpio.<\/p>\n<p>Numa tenda exterior, os alunos do 8\u00ba ano puderam aprender bastante sobre v\u00e1rios animais marinhos e as suas estrat\u00e9gias de sobreviv\u00eancia, como esponjas, corais, an\u00e9monas, v\u00e1rias esp\u00e9cies de tubar\u00f5es, baleias, entre outros. As bi\u00f3logas de servi\u00e7o souberam espevitar a curiosidade dos alunos, passando-lhes v\u00e1rias amostras para a m\u00e3o, como ovos de tubar\u00e3o, pele seca, dentes e in\u00fameros esqueletos de esponjas, corais, cavalos-marinhos, estrelas-do-mar e muito mais.<\/p>\n<p>J\u00e1 na sala, dentro da carrinha, o conhecimento aprofundou-se e o mar revela-se com o seu enorme potencial. Um dos v\u00eddeos, mostrando ecossistemas junto \u00e0s fontes hidrotermais, onde se descobriram formas de vida que suportam altas press\u00f5es e temperaturas, junto \u00e0s fontes, na ordem dos 360\u00baC, foi extraordin\u00e1rio. Outro dos v\u00eddeos mais apreciados mostrou Portugal, celebrizado pelas ondas gigantes da Nazar\u00e9, que atrai campeonatos de surf e projeta o pa\u00eds no mundo.<\/p>\n<p>Os alunos puderam alargar horizontes e entender que o mar \u00e9 a maior fonte de recursos que temos, que nos pode trazer mais-valias, mas tamb\u00e9m nos exigir\u00e1 a sabedoria de saber preservar as suas riquezas.<br \/>\n<a href=\"http:\/\/aeal.edu.pt\/portal\/wp-content\/uploads\/2015\/10\/oceanario.jpg\"><img fetchpriority=\"high\" decoding=\"async\" class=\"aligncenter wp-image-774 size-large\" src=\"http:\/\/aeal.edu.pt\/portal\/wp-content\/uploads\/2015\/10\/oceanario-1024x683.jpg\" alt=\"oceanario\" width=\"960\" height=\"640\" \/><\/a><\/p>\n","protected":false},"excerpt":{"rendered":"<p>Alunos do Agrupamento visitam o Vaiv\u00e9m Ocean\u00e1rio Durante a semana de 6 a 9 de outubro foram v\u00e1rias as turmas do Agrupamento de Escolas Amato Lusitano que visitaram a exposi\u00e7\u00e3o itinerante do Ocean\u00e1rio de Lisboa, localizada na Pra\u00e7a do Munic\u00edpio. Numa tenda exterior, os alunos&nbsp;<a href=\"http:\/\/aeal.edu.pt\/portal\/vaivem-oceanario-em-c-branco-exposicao-itinerante-portugal-e-mar\/\">&hellip;<\/a><\/p>\n","protected":false},"author":3,"featured_media":805,"comment_status":"closed","ping_status":"closed","sticky":false,"template":"","format":"standard","meta":{"footnotes":""},"categories":[12],"tags":[],"class_list":["post-761","post","type-post","status-publish","format-standard","has-post-thumbnail","hentry","category-geral","odd"],"_links":{"self":[{"href":"http:\/\/aeal.edu.pt\/portal\/wp-json\/wp\/v2\/posts\/761","targetHints":{"allow":["GET"]}}],"collection":[{"href":"http:\/\/aeal.edu.pt\/portal\/wp-json\/wp\/v2\/posts"}],"about":[{"href":"http:\/\/aeal.edu.pt\/portal\/wp-json\/wp\/v2\/types\/post"}],"author":[{"embeddable":true,"href":"http:\/\/aeal.edu.pt\/portal\/wp-json\/wp\/v2\/users\/3"}],"replies":[{"embeddable":true,"href":"http:\/\/aeal.edu.pt\/portal\/wp-json\/wp\/v2\/comments?post=761"}],"version-history":[{"count":0,"href":"http:\/\/aeal.edu.pt\/portal\/wp-json\/wp\/v2\/posts\/761\/revisions"}],"wp:featuredmedia":[{"embeddable":true,"href":"http:\/\/aeal.edu.pt\/portal\/wp-json\/wp\/v2\/media\/805"}],"wp:attachment":[{"href":"http:\/\/aeal.edu.pt\/portal\/wp-json\/wp\/v2\/media?parent=761"}],"wp:term":[{"taxonomy":"category","embeddable":true,"href":"http:\/\/aeal.edu.pt\/portal\/wp-json\/wp\/v2\/categories?post=761"},{"taxonomy":"post_tag","embeddable":true,"href":"http:\/\/aeal.edu.pt\/portal\/wp-json\/wp\/v2\/tags?post=761"}],"curies":[{"name":"wp","href":"https:\/\/api.w.org\/{rel}","templated":true}]}}