{"id":8122,"date":"2025-10-16T16:50:00","date_gmt":"2025-10-16T15:50:00","guid":{"rendered":"https:\/\/aeal.edu.pt\/portal\/?p=8122"},"modified":"2025-10-16T16:54:56","modified_gmt":"2025-10-16T15:54:56","slug":"afixadas-as-pautas-de-chamada-epoca-extraordinaria-de-outubro-cursos-profissionais","status":"publish","type":"post","link":"http:\/\/aeal.edu.pt\/portal\/afixadas-as-pautas-de-chamada-epoca-extraordinaria-de-outubro-cursos-profissionais\/","title":{"rendered":"Afixadas as Pautas de Chamada \u2013 \u00c9poca Extraordin\u00e1ria de Outubro (Cursos Profissionais)"},"content":{"rendered":"<p>Informam-se os alunos dos <strong>Cursos Profissionais<\/strong> que as <strong>pautas de chamada para a \u00c9poca de Exames Extraordin\u00e1ria de outubro<\/strong> j\u00e1 se encontram <strong>afixadas na Escola Secund\u00e1ria Amato Lusitano<\/strong>.<\/p>\n","protected":false},"excerpt":{"rendered":"<p>Informam-se os alunos dos Cursos Profissionais que as pautas de chamada para a \u00c9poca de Exames Extraordin\u00e1ria de outubro j\u00e1 se encontram afixadas na Escola Secund\u00e1ria Amato Lusitano.<\/p>\n","protected":false},"author":1,"featured_media":0,"comment_status":"closed","ping_status":"open","sticky":false,"template":"","format":"standard","meta":{"footnotes":""},"categories":[12],"tags":[],"class_list":["post-8122","post","type-post","status-publish","format-standard","hentry","category-geral","odd"],"_links":{"self":[{"href":"http:\/\/aeal.edu.pt\/portal\/wp-json\/wp\/v2\/posts\/8122","targetHints":{"allow":["GET"]}}],"collection":[{"href":"http:\/\/aeal.edu.pt\/portal\/wp-json\/wp\/v2\/posts"}],"about":[{"href":"http:\/\/aeal.edu.pt\/portal\/wp-json\/wp\/v2\/types\/post"}],"author":[{"embeddable":true,"href":"http:\/\/aeal.edu.pt\/portal\/wp-json\/wp\/v2\/users\/1"}],"replies":[{"embeddable":true,"href":"http:\/\/aeal.edu.pt\/portal\/wp-json\/wp\/v2\/comments?post=8122"}],"version-history":[{"count":1,"href":"http:\/\/aeal.edu.pt\/portal\/wp-json\/wp\/v2\/posts\/8122\/revisions"}],"predecessor-version":[{"id":8123,"href":"http:\/\/aeal.edu.pt\/portal\/wp-json\/wp\/v2\/posts\/8122\/revisions\/8123"}],"wp:attachment":[{"href":"http:\/\/aeal.edu.pt\/portal\/wp-json\/wp\/v2\/media?parent=8122"}],"wp:term":[{"taxonomy":"category","embeddable":true,"href":"http:\/\/aeal.edu.pt\/portal\/wp-json\/wp\/v2\/categories?post=8122"},{"taxonomy":"post_tag","embeddable":true,"href":"http:\/\/aeal.edu.pt\/portal\/wp-json\/wp\/v2\/tags?post=8122"}],"curies":[{"name":"wp","href":"https:\/\/api.w.org\/{rel}","templated":true}]}}