{"id":905,"date":"2015-11-16T22:03:39","date_gmt":"2015-11-16T22:03:39","guid":{"rendered":"http:\/\/aeal.edu.pt\/?p=905"},"modified":"2015-11-16T22:03:39","modified_gmt":"2015-11-16T22:03:39","slug":"magusto-no-jieb1-do-valongo","status":"publish","type":"post","link":"http:\/\/aeal.edu.pt\/portal\/magusto-no-jieb1-do-valongo\/","title":{"rendered":"Magusto no JI\/EB1 do Valongo"},"content":{"rendered":"<p>Dia 13 de novembro, sexta-feira, foi dia de magusto no JI\/EB1 do Valongo.<br \/>\nPara realizar este evento, os Professores Rui Vaz e Jo\u00e3o Valadares providenciaram uma carrada de caruma e todos os meninos trouxeram castanhas j\u00e1 cortadas.<br \/>\nVieram os pais e m\u00e3es e acendeu-se uma grande fogueira onde foram assadas as castanhas e que boas elas ficaram. No fim, no meio da brincadeira muitos alunos mascarraram-se e ficaram muito engra\u00e7ados. Foi o reviver de uma tradi\u00e7\u00e3o j\u00e1 muito antiga.<\/p>\n<p><a href=\"http:\/\/aeal.edu.pt\/portal\/wp-content\/uploads\/2015\/11\/Magusto-040-e1447716223723.jpg\"><img fetchpriority=\"high\" decoding=\"async\" class=\"aligncenter size-full wp-image-906\" src=\"http:\/\/aeal.edu.pt\/portal\/wp-content\/uploads\/2015\/11\/Magusto-040-e1447716223723.jpg\" alt=\"Magusto JI\/EB1 do Vaongo\" width=\"448\" height=\"336\" srcset=\"http:\/\/aeal.edu.pt\/portal\/wp-content\/uploads\/2015\/11\/Magusto-040-e1447716223723.jpg 448w, http:\/\/aeal.edu.pt\/portal\/wp-content\/uploads\/2015\/11\/Magusto-040-e1447716223723-300x225.jpg 300w\" sizes=\"(max-width: 448px) 100vw, 448px\" \/><\/a><a href=\"http:\/\/aeal.edu.pt\/portal\/wp-content\/uploads\/2015\/11\/Magusto-0351.jpg\"><br \/>\n<\/a><a href=\"http:\/\/aeal.edu.pt\/portal\/wp-content\/uploads\/2015\/11\/Magusto-071.jpg\"><img decoding=\"async\" class=\"aligncenter size-full wp-image-914\" src=\"http:\/\/aeal.edu.pt\/portal\/wp-content\/uploads\/2015\/11\/Magusto-071.jpg\" alt=\"Magusto 071\" width=\"448\" height=\"336\" srcset=\"http:\/\/aeal.edu.pt\/portal\/wp-content\/uploads\/2015\/11\/Magusto-071.jpg 448w, http:\/\/aeal.edu.pt\/portal\/wp-content\/uploads\/2015\/11\/Magusto-071-300x225.jpg 300w\" sizes=\"(max-width: 448px) 100vw, 448px\" \/><\/a><\/p>\n","protected":false},"excerpt":{"rendered":"<p>Dia 13 de novembro, sexta-feira, foi dia de magusto no JI\/EB1 do Valongo. Para realizar este evento, os Professores Rui Vaz e Jo\u00e3o Valadares providenciaram uma carrada de caruma e todos os meninos trouxeram castanhas j\u00e1 cortadas. Vieram os pais e m\u00e3es e acendeu-se uma&nbsp;<a href=\"http:\/\/aeal.edu.pt\/portal\/magusto-no-jieb1-do-valongo\/\">&hellip;<\/a><\/p>\n","protected":false},"author":3,"featured_media":916,"comment_status":"closed","ping_status":"closed","sticky":false,"template":"","format":"standard","meta":{"footnotes":""},"categories":[18],"tags":[],"class_list":["post-905","post","type-post","status-publish","format-standard","has-post-thumbnail","hentry","category-eb1-do-valongo","odd"],"_links":{"self":[{"href":"http:\/\/aeal.edu.pt\/portal\/wp-json\/wp\/v2\/posts\/905","targetHints":{"allow":["GET"]}}],"collection":[{"href":"http:\/\/aeal.edu.pt\/portal\/wp-json\/wp\/v2\/posts"}],"about":[{"href":"http:\/\/aeal.edu.pt\/portal\/wp-json\/wp\/v2\/types\/post"}],"author":[{"embeddable":true,"href":"http:\/\/aeal.edu.pt\/portal\/wp-json\/wp\/v2\/users\/3"}],"replies":[{"embeddable":true,"href":"http:\/\/aeal.edu.pt\/portal\/wp-json\/wp\/v2\/comments?post=905"}],"version-history":[{"count":0,"href":"http:\/\/aeal.edu.pt\/portal\/wp-json\/wp\/v2\/posts\/905\/revisions"}],"wp:featuredmedia":[{"embeddable":true,"href":"http:\/\/aeal.edu.pt\/portal\/wp-json\/wp\/v2\/media\/916"}],"wp:attachment":[{"href":"http:\/\/aeal.edu.pt\/portal\/wp-json\/wp\/v2\/media?parent=905"}],"wp:term":[{"taxonomy":"category","embeddable":true,"href":"http:\/\/aeal.edu.pt\/portal\/wp-json\/wp\/v2\/categories?post=905"},{"taxonomy":"post_tag","embeddable":true,"href":"http:\/\/aeal.edu.pt\/portal\/wp-json\/wp\/v2\/tags?post=905"}],"curies":[{"name":"wp","href":"https:\/\/api.w.org\/{rel}","templated":true}]}}