{"id":933,"date":"2015-11-18T11:23:26","date_gmt":"2015-11-18T11:23:26","guid":{"rendered":"http:\/\/aeal.edu.pt\/?p=933"},"modified":"2015-11-18T11:23:26","modified_gmt":"2015-11-18T11:23:26","slug":"dia-do-diploma","status":"publish","type":"post","link":"http:\/\/aeal.edu.pt\/portal\/dia-do-diploma\/","title":{"rendered":"Dia do Diploma"},"content":{"rendered":"<p>No dia 15 de novembro, realizou-se a cerim\u00f3nia do Dia do Diploma do Agrupamento de Escolas de Amato Lusitano onde se procedeu \u00e0 entrega dos pr\u00e9mios de m\u00e9rito, valor e excel\u00eancia aos alunos de todos os n\u00edveis de ensino, a fim de reconhecer e valorizar o m\u00e9rito, o esfor\u00e7o no trabalho e o desempenho escolar.<br \/>\nA cerim\u00f3nia foi presidida pelo Sr. Diretor do Agrupamento, Dr. Jo\u00e3o Bel\u00e9m e contou com a presen\u00e7a do Sr. Diretor Geral dos Estabelecimentos Escolares, Dr. Jos\u00e9 Alberto Duarte, o Sr. Presidente da C\u00e2mara Municipal de Castelo Branco, Dr. Lu\u00eds Correia e o Sr. Presidente do Conselho Geral, Dr. Jo\u00e3o Goul\u00e3o.<br \/>\nForam atribu\u00eddos 70 pr\u00e9mios de excel\u00eancia e 110 pr\u00e9mios de m\u00e9rito e valor.<br \/>\nTodo o evento foi tecnicamente preparado e supervisionado pelos alunos do Curso Profissional de Multim\u00e9dia de modo a ser transmitido em direto, via internet, possibilitando o acompanhamento da entrega dos pr\u00e9mios a partir de casa.<\/p>\n<p>O evento pode ser visualizado\/descarregado no seguinte endere\u00e7o:<\/p>\n<p><a href=\"https:\/\/drive.google.com\/open?id=0B0eYV5J-G0j2QmhjcUs5RXBDbkk\" target=\"_blank\" rel=\"noopener\">https:\/\/drive.google.com\/open?id=0B0eYV5J-G0j2QmhjcUs5RXBDbkk<\/a><\/p>\n<p>&nbsp;<\/p>\n<p><a href=\"http:\/\/aeal.edu.pt\/portal\/wp-content\/uploads\/2015\/11\/diploma_site.jpg\"><img fetchpriority=\"high\" decoding=\"async\" class=\"aligncenter size-full wp-image-935\" src=\"http:\/\/aeal.edu.pt\/portal\/wp-content\/uploads\/2015\/11\/diploma_site.jpg\" alt=\"diploma_site\" width=\"640\" height=\"424\" srcset=\"http:\/\/aeal.edu.pt\/portal\/wp-content\/uploads\/2015\/11\/diploma_site.jpg 640w, http:\/\/aeal.edu.pt\/portal\/wp-content\/uploads\/2015\/11\/diploma_site-300x199.jpg 300w\" sizes=\"(max-width: 640px) 100vw, 640px\" \/><\/a><\/p>\n","protected":false},"excerpt":{"rendered":"<p>No dia 15 de novembro, realizou-se a cerim\u00f3nia do Dia do Diploma do Agrupamento de Escolas de Amato Lusitano onde se procedeu \u00e0 entrega dos pr\u00e9mios de m\u00e9rito, valor e excel\u00eancia aos alunos de todos os n\u00edveis de ensino, a fim de reconhecer e valorizar&nbsp;<a href=\"http:\/\/aeal.edu.pt\/portal\/dia-do-diploma\/\">&hellip;<\/a><\/p>\n","protected":false},"author":3,"featured_media":934,"comment_status":"closed","ping_status":"closed","sticky":false,"template":"","format":"standard","meta":{"footnotes":""},"categories":[12],"tags":[],"class_list":["post-933","post","type-post","status-publish","format-standard","has-post-thumbnail","hentry","category-geral","odd"],"_links":{"self":[{"href":"http:\/\/aeal.edu.pt\/portal\/wp-json\/wp\/v2\/posts\/933","targetHints":{"allow":["GET"]}}],"collection":[{"href":"http:\/\/aeal.edu.pt\/portal\/wp-json\/wp\/v2\/posts"}],"about":[{"href":"http:\/\/aeal.edu.pt\/portal\/wp-json\/wp\/v2\/types\/post"}],"author":[{"embeddable":true,"href":"http:\/\/aeal.edu.pt\/portal\/wp-json\/wp\/v2\/users\/3"}],"replies":[{"embeddable":true,"href":"http:\/\/aeal.edu.pt\/portal\/wp-json\/wp\/v2\/comments?post=933"}],"version-history":[{"count":0,"href":"http:\/\/aeal.edu.pt\/portal\/wp-json\/wp\/v2\/posts\/933\/revisions"}],"wp:featuredmedia":[{"embeddable":true,"href":"http:\/\/aeal.edu.pt\/portal\/wp-json\/wp\/v2\/media\/934"}],"wp:attachment":[{"href":"http:\/\/aeal.edu.pt\/portal\/wp-json\/wp\/v2\/media?parent=933"}],"wp:term":[{"taxonomy":"category","embeddable":true,"href":"http:\/\/aeal.edu.pt\/portal\/wp-json\/wp\/v2\/categories?post=933"},{"taxonomy":"post_tag","embeddable":true,"href":"http:\/\/aeal.edu.pt\/portal\/wp-json\/wp\/v2\/tags?post=933"}],"curies":[{"name":"wp","href":"https:\/\/api.w.org\/{rel}","templated":true}]}}