{"id":5283,"date":"2022-07-06T08:19:30","date_gmt":"2022-07-06T07:19:30","guid":{"rendered":"http:\/\/aeal.edu.pt\/portal\/?p=5283"},"modified":"2022-07-06T10:10:13","modified_gmt":"2022-07-06T09:10:13","slug":"avaliacoes-do-2o-periodo-disponiveis-na-aplicacao-inovar-consulta","status":"publish","type":"post","link":"https:\/\/aeal.edu.pt\/portal\/avaliacoes-do-2o-periodo-disponiveis-na-aplicacao-inovar-consulta\/","title":{"rendered":"Avalia\u00e7\u00e3o do 1\u00baCiclo &#8211; 3.\u00ba Per\u00edodo"},"content":{"rendered":"<p>Informam-se os encarregados de educa\u00e7\u00e3o de que a avalia\u00e7\u00e3o dos alunos, relativa ao 3\u00ba per\u00edodo do ano escolar 2021\/2022, do 1 \u00baciclo ano, ser\u00e1 disponibilizada na app <a href=\"https:\/\/inovar.aeal.edu.pt\/inovarconsulta\/app\/index.html#\/login\" target=\"_blank\" rel=\"noopener\">INOVAR CONSULTA<\/a> e as pautas afixadas, nas respetivas escolas, a partir de quarta-feira(0\/07\/2022).<\/p>\n<h3><strong>Como aceder \u00e0s avalia\u00e7\u00f5es e Inovar Consulta:<\/strong><\/h3>\n<ol>\n<li>No\u00a0<em>site<\/em>\u00a0do Agrupamento\u00a0<a href=\"http:\/\/www.aeal.edu.pt\/portal\/\">http<\/a><a href=\"http:\/\/www.aeal.edu.pt\/portal\/\">::\/\/www.aeal.edu.pt\/portal\/<\/a>\u00a0aceder a\u00a0<strong>Consulta Alunos<\/strong>, clicando no icon\u00a0 <img decoding=\"async\" class=\"alignnone wp-image-5280\" src=\"http:\/\/aeal.edu.pt\/portal\/wp-content\/uploads\/2021\/12\/inovarconsulta-60x63.png\" alt=\"\" width=\"28\" height=\"30\" \/>\u00a0ou, em alternativa, acedendo ao endere\u00e7o<a href=\"https:\/\/inovar.aeal.edu.pt\/inovarconsulta\/app\/index.html#\/login\"> https:\/\/inovar.aeal.edu.pt\/inovarconsulta\/app\/index.html#\/login<\/a><\/li>\n<li>Para fazer o\u00a0<strong>Login<\/strong>, deve inserir no primeiro campo, o n\u00famero de processo do seu educando e no segundo campo, o n\u00famero do cart\u00e3o de cidad\u00e3o (ou de outro documento de identifica\u00e7\u00e3o usado aquando da matricula);<\/li>\n<li>J\u00e1 na plataforma do seu educando, deve aceder a\u00a0<strong>Avalia\u00e7\u00f5es<\/strong>\u00a0\u2013\u00a0<strong>Avalia\u00e7\u00f5es de fim de per\u00edodo.\u00a0<\/strong>No final da p\u00e1gina, encontra\u00a0<strong>Documentos Dispon\u00edveis para impress\u00e3o<\/strong>\u00a0&#8211;\u00a0<strong>Registo de Avalia\u00e7\u00e3o<\/strong>.<\/li>\n<\/ol>\n","protected":false},"excerpt":{"rendered":"<p>Informam-se os encarregados de educa\u00e7\u00e3o de que a avalia\u00e7\u00e3o dos alunos, relativa ao 3\u00ba per\u00edodo do ano escolar 2021\/2022, do 1 \u00baciclo ano, ser\u00e1 disponibilizada na app INOVAR CONSULTA e as pautas afixadas, nas respetivas escolas, a partir de quarta-feira(0\/07\/2022). Como aceder \u00e0s avalia\u00e7\u00f5es e&nbsp;<a href=\"https:\/\/aeal.edu.pt\/portal\/avaliacoes-do-2o-periodo-disponiveis-na-aplicacao-inovar-consulta\/\">&hellip;<\/a><\/p>\n","protected":false},"author":1,"featured_media":5861,"comment_status":"open","ping_status":"open","sticky":false,"template":"","format":"standard","meta":{"footnotes":""},"categories":[12,22,16],"tags":[],"class_list":["post-5283","post","type-post","status-publish","format-standard","has-post-thumbnail","hentry","category-geral","category-profissionais","category-secundario","odd"],"_links":{"self":[{"href":"https:\/\/aeal.edu.pt\/portal\/wp-json\/wp\/v2\/posts\/5283","targetHints":{"allow":["GET"]}}],"collection":[{"href":"https:\/\/aeal.edu.pt\/portal\/wp-json\/wp\/v2\/posts"}],"about":[{"href":"https:\/\/aeal.edu.pt\/portal\/wp-json\/wp\/v2\/types\/post"}],"author":[{"embeddable":true,"href":"https:\/\/aeal.edu.pt\/portal\/wp-json\/wp\/v2\/users\/1"}],"replies":[{"embeddable":true,"href":"https:\/\/aeal.edu.pt\/portal\/wp-json\/wp\/v2\/comments?post=5283"}],"version-history":[{"count":9,"href":"https:\/\/aeal.edu.pt\/portal\/wp-json\/wp\/v2\/posts\/5283\/revisions"}],"predecessor-version":[{"id":5881,"href":"https:\/\/aeal.edu.pt\/portal\/wp-json\/wp\/v2\/posts\/5283\/revisions\/5881"}],"wp:featuredmedia":[{"embeddable":true,"href":"https:\/\/aeal.edu.pt\/portal\/wp-json\/wp\/v2\/media\/5861"}],"wp:attachment":[{"href":"https:\/\/aeal.edu.pt\/portal\/wp-json\/wp\/v2\/media?parent=5283"}],"wp:term":[{"taxonomy":"category","embeddable":true,"href":"https:\/\/aeal.edu.pt\/portal\/wp-json\/wp\/v2\/categories?post=5283"},{"taxonomy":"post_tag","embeddable":true,"href":"https:\/\/aeal.edu.pt\/portal\/wp-json\/wp\/v2\/tags?post=5283"}],"curies":[{"name":"wp","href":"https:\/\/api.w.org\/{rel}","templated":true}]}}