{"id":5562,"date":"2022-03-04T11:52:08","date_gmt":"2022-03-04T11:52:08","guid":{"rendered":"https:\/\/aeal.edu.pt\/portal\/?p=5562"},"modified":"2022-03-04T11:52:29","modified_gmt":"2022-03-04T11:52:29","slug":"liga-do-empreendedor","status":"publish","type":"post","link":"https:\/\/aeal.edu.pt\/portal\/liga-do-empreendedor\/","title":{"rendered":"Liga do Empreendedor"},"content":{"rendered":"<p>Durante um m\u00eas, 15 jovens de v\u00e1rias escolas de Castelo Branco participaram em diversos workshops e din\u00e2micas relacionadas com o empreendedorismo social e, atrav\u00e9s de mentoria individualizada, idealizaram projetos sociais que dessem resposta ao desperd\u00edcio alimentar, assente no ODS 12 &#8211; Produ\u00e7\u00e3o e Consumo Sustent\u00e1veis.<\/p>\n<p>Foram apresentados 5 projetos no dia 25 de fevereiro, no audit\u00f3rio da USALBI, que contou com a presen\u00e7a de um painel de jurados\/as, com experi\u00eancia na \u00e1rea, constitu\u00eddo por representantes das entidades parceiras da iniciativa.<\/p>\n<p>O projeto vencedor foi o \u201cNa Validade com Qualidade\u201d da autoria dos alunos do curso de ci\u00eancias socioecon\u00f3micas da turma de 10\u00ba ano: Joana Carvalhinho, Maria In\u00eas Monteiro e Louren\u00e7o Barros, do agrupamento de Escolas Amato Lusitano.<\/p>\n","protected":false},"excerpt":{"rendered":"<p>Durante um m\u00eas, 15 jovens de v\u00e1rias escolas de Castelo Branco participaram em diversos workshops e din\u00e2micas relacionadas com o empreendedorismo social e, atrav\u00e9s de mentoria individualizada, idealizaram projetos sociais que dessem resposta ao desperd\u00edcio alimentar, assente no ODS 12 &#8211; Produ\u00e7\u00e3o e Consumo Sustent\u00e1veis.&nbsp;<a href=\"https:\/\/aeal.edu.pt\/portal\/liga-do-empreendedor\/\">&hellip;<\/a><\/p>\n","protected":false},"author":1,"featured_media":5563,"comment_status":"open","ping_status":"open","sticky":false,"template":"","format":"standard","meta":{"footnotes":""},"categories":[17,12],"tags":[],"class_list":["post-5562","post","type-post","status-publish","format-standard","has-post-thumbnail","hentry","category-escola-secundaria-amato-lusiano","category-geral","odd"],"_links":{"self":[{"href":"https:\/\/aeal.edu.pt\/portal\/wp-json\/wp\/v2\/posts\/5562","targetHints":{"allow":["GET"]}}],"collection":[{"href":"https:\/\/aeal.edu.pt\/portal\/wp-json\/wp\/v2\/posts"}],"about":[{"href":"https:\/\/aeal.edu.pt\/portal\/wp-json\/wp\/v2\/types\/post"}],"author":[{"embeddable":true,"href":"https:\/\/aeal.edu.pt\/portal\/wp-json\/wp\/v2\/users\/1"}],"replies":[{"embeddable":true,"href":"https:\/\/aeal.edu.pt\/portal\/wp-json\/wp\/v2\/comments?post=5562"}],"version-history":[{"count":1,"href":"https:\/\/aeal.edu.pt\/portal\/wp-json\/wp\/v2\/posts\/5562\/revisions"}],"predecessor-version":[{"id":5564,"href":"https:\/\/aeal.edu.pt\/portal\/wp-json\/wp\/v2\/posts\/5562\/revisions\/5564"}],"wp:featuredmedia":[{"embeddable":true,"href":"https:\/\/aeal.edu.pt\/portal\/wp-json\/wp\/v2\/media\/5563"}],"wp:attachment":[{"href":"https:\/\/aeal.edu.pt\/portal\/wp-json\/wp\/v2\/media?parent=5562"}],"wp:term":[{"taxonomy":"category","embeddable":true,"href":"https:\/\/aeal.edu.pt\/portal\/wp-json\/wp\/v2\/categories?post=5562"},{"taxonomy":"post_tag","embeddable":true,"href":"https:\/\/aeal.edu.pt\/portal\/wp-json\/wp\/v2\/tags?post=5562"}],"curies":[{"name":"wp","href":"https:\/\/api.w.org\/{rel}","templated":true}]}}