{"id":5591,"date":"2022-03-15T15:17:27","date_gmt":"2022-03-15T15:17:27","guid":{"rendered":"http:\/\/aeal.edu.pt\/portal\/?p=5591"},"modified":"2022-03-15T15:17:27","modified_gmt":"2022-03-15T15:17:27","slug":"atribuido-selo-de-conformidade-eqavet-por-3-anos-ao-aeal","status":"publish","type":"post","link":"https:\/\/aeal.edu.pt\/portal\/atribuido-selo-de-conformidade-eqavet-por-3-anos-ao-aeal\/","title":{"rendered":"Atribu\u00eddo Selo de Conformidade EQAVET por 3 anos ao AEAL"},"content":{"rendered":"<p><span class=\"im\">O Agrupamento de Escolas Amato Lusitano obteve, a partir do dia 11 de mar\u00e7o de 2022, o Selo de Conformidade EQAVET atribu\u00eddo pela Ag\u00eancia Nacional para a Qualifica\u00e7\u00e3o e o Ensino Profissional (ANQEP).<br \/>\n<\/span>O Selo conferido, comprova que o Ensino Profissional promovido pela Escola Secund\u00e1ria de Amato Lusitano\u00a0est\u00e1 alinhado com as pol\u00edticas europeias, nacionais, regionais e locais para a Educa\u00e7\u00e3o e Forma\u00e7\u00e3o Profissionais (EFP).<span class=\"im\"><br \/>\nO AEAL orgulha-se deste reconhecimento que veio confirmar a qualidade dos cursos e do trabalho pedag\u00f3gico desenvolvido com os alunos.<br \/>\nA atribui\u00e7\u00e3o do selo vem refor\u00e7ar o compromisso do Agrupamento, em continuar a trabalhar para garantir uma forma\u00e7\u00e3o profissional de qualidade.<\/span><\/p>\n","protected":false},"excerpt":{"rendered":"<p>O Agrupamento de Escolas Amato Lusitano obteve, a partir do dia 11 de mar\u00e7o de 2022, o Selo de Conformidade EQAVET atribu\u00eddo pela Ag\u00eancia Nacional para a Qualifica\u00e7\u00e3o e o Ensino Profissional (ANQEP). O Selo conferido, comprova que o Ensino Profissional promovido pela Escola Secund\u00e1ria&nbsp;<a href=\"https:\/\/aeal.edu.pt\/portal\/atribuido-selo-de-conformidade-eqavet-por-3-anos-ao-aeal\/\">&hellip;<\/a><\/p>\n","protected":false},"author":1,"featured_media":5592,"comment_status":"open","ping_status":"open","sticky":false,"template":"","format":"standard","meta":{"footnotes":""},"categories":[1],"tags":[],"class_list":["post-5591","post","type-post","status-publish","format-standard","has-post-thumbnail","hentry","category-desporto-escolar","odd"],"_links":{"self":[{"href":"https:\/\/aeal.edu.pt\/portal\/wp-json\/wp\/v2\/posts\/5591","targetHints":{"allow":["GET"]}}],"collection":[{"href":"https:\/\/aeal.edu.pt\/portal\/wp-json\/wp\/v2\/posts"}],"about":[{"href":"https:\/\/aeal.edu.pt\/portal\/wp-json\/wp\/v2\/types\/post"}],"author":[{"embeddable":true,"href":"https:\/\/aeal.edu.pt\/portal\/wp-json\/wp\/v2\/users\/1"}],"replies":[{"embeddable":true,"href":"https:\/\/aeal.edu.pt\/portal\/wp-json\/wp\/v2\/comments?post=5591"}],"version-history":[{"count":1,"href":"https:\/\/aeal.edu.pt\/portal\/wp-json\/wp\/v2\/posts\/5591\/revisions"}],"predecessor-version":[{"id":5593,"href":"https:\/\/aeal.edu.pt\/portal\/wp-json\/wp\/v2\/posts\/5591\/revisions\/5593"}],"wp:featuredmedia":[{"embeddable":true,"href":"https:\/\/aeal.edu.pt\/portal\/wp-json\/wp\/v2\/media\/5592"}],"wp:attachment":[{"href":"https:\/\/aeal.edu.pt\/portal\/wp-json\/wp\/v2\/media?parent=5591"}],"wp:term":[{"taxonomy":"category","embeddable":true,"href":"https:\/\/aeal.edu.pt\/portal\/wp-json\/wp\/v2\/categories?post=5591"},{"taxonomy":"post_tag","embeddable":true,"href":"https:\/\/aeal.edu.pt\/portal\/wp-json\/wp\/v2\/tags?post=5591"}],"curies":[{"name":"wp","href":"https:\/\/api.w.org\/{rel}","templated":true}]}}