{"id":5601,"date":"2022-03-17T16:14:19","date_gmt":"2022-03-17T16:14:19","guid":{"rendered":"http:\/\/aeal.edu.pt\/portal\/?p=5601"},"modified":"2022-03-17T16:16:29","modified_gmt":"2022-03-17T16:16:29","slug":"recuperacao-de-modulos-em-atraso-epoca-especial-de-exames-maio-2022","status":"publish","type":"post","link":"https:\/\/aeal.edu.pt\/portal\/recuperacao-de-modulos-em-atraso-epoca-especial-de-exames-maio-2022\/","title":{"rendered":"Recupera\u00e7\u00e3o de m\u00f3dulos em atraso \u00c9poca Especial de Exames \u2013 maio 2022"},"content":{"rendered":"<p>Informam-se os alunos dos cursos profissionais, que a inscri\u00e7\u00e3o para a recupera\u00e7\u00e3o de m\u00f3dulos, em atraso ir\u00e1 decorrer at\u00e9 ao dia<strong> 22 de abril.<\/strong><\/p>\n<p>A inscri\u00e7\u00e3o \u00e9 feita, presencialmente, na Secretaria.<\/p>\n<p>.<\/p>\n","protected":false},"excerpt":{"rendered":"<p>Informam-se os alunos dos cursos profissionais, que a inscri\u00e7\u00e3o para a recupera\u00e7\u00e3o de m\u00f3dulos, em atraso ir\u00e1 decorrer at\u00e9 ao dia 22 de abril. A inscri\u00e7\u00e3o \u00e9 feita, presencialmente, na Secretaria. .<\/p>\n","protected":false},"author":1,"featured_media":5603,"comment_status":"open","ping_status":"open","sticky":false,"template":"","format":"standard","meta":{"footnotes":""},"categories":[22],"tags":[],"class_list":["post-5601","post","type-post","status-publish","format-standard","has-post-thumbnail","hentry","category-profissionais","odd"],"_links":{"self":[{"href":"https:\/\/aeal.edu.pt\/portal\/wp-json\/wp\/v2\/posts\/5601","targetHints":{"allow":["GET"]}}],"collection":[{"href":"https:\/\/aeal.edu.pt\/portal\/wp-json\/wp\/v2\/posts"}],"about":[{"href":"https:\/\/aeal.edu.pt\/portal\/wp-json\/wp\/v2\/types\/post"}],"author":[{"embeddable":true,"href":"https:\/\/aeal.edu.pt\/portal\/wp-json\/wp\/v2\/users\/1"}],"replies":[{"embeddable":true,"href":"https:\/\/aeal.edu.pt\/portal\/wp-json\/wp\/v2\/comments?post=5601"}],"version-history":[{"count":4,"href":"https:\/\/aeal.edu.pt\/portal\/wp-json\/wp\/v2\/posts\/5601\/revisions"}],"predecessor-version":[{"id":5606,"href":"https:\/\/aeal.edu.pt\/portal\/wp-json\/wp\/v2\/posts\/5601\/revisions\/5606"}],"wp:featuredmedia":[{"embeddable":true,"href":"https:\/\/aeal.edu.pt\/portal\/wp-json\/wp\/v2\/media\/5603"}],"wp:attachment":[{"href":"https:\/\/aeal.edu.pt\/portal\/wp-json\/wp\/v2\/media?parent=5601"}],"wp:term":[{"taxonomy":"category","embeddable":true,"href":"https:\/\/aeal.edu.pt\/portal\/wp-json\/wp\/v2\/categories?post=5601"},{"taxonomy":"post_tag","embeddable":true,"href":"https:\/\/aeal.edu.pt\/portal\/wp-json\/wp\/v2\/tags?post=5601"}],"curies":[{"name":"wp","href":"https:\/\/api.w.org\/{rel}","templated":true}]}}