{"id":5612,"date":"2022-03-18T21:02:17","date_gmt":"2022-03-18T21:02:17","guid":{"rendered":"http:\/\/aeal.edu.pt\/portal\/?p=5612"},"modified":"2022-03-18T21:02:17","modified_gmt":"2022-03-18T21:02:17","slug":"agrupamento-vence-concurso-dos-cabecudos","status":"publish","type":"post","link":"https:\/\/aeal.edu.pt\/portal\/agrupamento-vence-concurso-dos-cabecudos\/","title":{"rendered":"Agrupamento vence Concurso dos Cabe\u00e7udos"},"content":{"rendered":"<p>O Agrupamento de Escolas Amato Lusitano volta a ser reconhecido na iniciativa da C\u00e2mara Municipal &#8220;Concurso de Cabe\u00e7udos&#8221;, na qual conquistou os dois primeiros lugares, com os trabalhos apresentados pela Escola B\u00e1sica Jo\u00e3o Roiz (1\u00ba lugar) e Quinta da Granja (2\u00ba lugar). De parab\u00e9ns est\u00e3o, n\u00e3o s\u00f3 os vencedores, mas tamb\u00e9m os restantes participantes, cujos trabalhos engrandecem o Agrupamento. A entrega de pr\u00e9mios vai realizar-se no dia 19 de mar\u00e7o, pelas 17h30, no Centro C\u00edvico (junto ao Ex-Quartel, em Castelo Branco)<\/p>\n<p>&nbsp;<\/p>\n","protected":false},"excerpt":{"rendered":"<p>O Agrupamento de Escolas Amato Lusitano volta a ser reconhecido na iniciativa da C\u00e2mara Municipal &#8220;Concurso de Cabe\u00e7udos&#8221;, na qual conquistou os dois primeiros lugares, com os trabalhos apresentados pela Escola B\u00e1sica Jo\u00e3o Roiz (1\u00ba lugar) e Quinta da Granja (2\u00ba lugar). De parab\u00e9ns est\u00e3o,&nbsp;<a href=\"https:\/\/aeal.edu.pt\/portal\/agrupamento-vence-concurso-dos-cabecudos\/\">&hellip;<\/a><\/p>\n","protected":false},"author":1,"featured_media":5613,"comment_status":"open","ping_status":"open","sticky":false,"template":"","format":"standard","meta":{"footnotes":""},"categories":[14,15,20,21],"tags":[],"class_list":["post-5612","post","type-post","status-publish","format-standard","has-post-thumbnail","hentry","category-1o-ciclo","category-2o-3o-ciclo","category-eb1-quinta-da-granja","category-ebi-joao-roiz","odd"],"_links":{"self":[{"href":"https:\/\/aeal.edu.pt\/portal\/wp-json\/wp\/v2\/posts\/5612","targetHints":{"allow":["GET"]}}],"collection":[{"href":"https:\/\/aeal.edu.pt\/portal\/wp-json\/wp\/v2\/posts"}],"about":[{"href":"https:\/\/aeal.edu.pt\/portal\/wp-json\/wp\/v2\/types\/post"}],"author":[{"embeddable":true,"href":"https:\/\/aeal.edu.pt\/portal\/wp-json\/wp\/v2\/users\/1"}],"replies":[{"embeddable":true,"href":"https:\/\/aeal.edu.pt\/portal\/wp-json\/wp\/v2\/comments?post=5612"}],"version-history":[{"count":1,"href":"https:\/\/aeal.edu.pt\/portal\/wp-json\/wp\/v2\/posts\/5612\/revisions"}],"predecessor-version":[{"id":5615,"href":"https:\/\/aeal.edu.pt\/portal\/wp-json\/wp\/v2\/posts\/5612\/revisions\/5615"}],"wp:featuredmedia":[{"embeddable":true,"href":"https:\/\/aeal.edu.pt\/portal\/wp-json\/wp\/v2\/media\/5613"}],"wp:attachment":[{"href":"https:\/\/aeal.edu.pt\/portal\/wp-json\/wp\/v2\/media?parent=5612"}],"wp:term":[{"taxonomy":"category","embeddable":true,"href":"https:\/\/aeal.edu.pt\/portal\/wp-json\/wp\/v2\/categories?post=5612"},{"taxonomy":"post_tag","embeddable":true,"href":"https:\/\/aeal.edu.pt\/portal\/wp-json\/wp\/v2\/tags?post=5612"}],"curies":[{"name":"wp","href":"https:\/\/api.w.org\/{rel}","templated":true}]}}