{"id":5619,"date":"2022-03-24T17:34:39","date_gmt":"2022-03-24T17:34:39","guid":{"rendered":"http:\/\/aeal.edu.pt\/portal\/?p=5619"},"modified":"2022-03-24T17:35:24","modified_gmt":"2022-03-24T17:35:24","slug":"dia-nacional-do-estudante","status":"publish","type":"post","link":"https:\/\/aeal.edu.pt\/portal\/dia-nacional-do-estudante\/","title":{"rendered":"Dia Nacional do Estudante"},"content":{"rendered":"<p>O Dia Nacional do Estudante comemora-se anualmente no dia\u00a0<strong>24 de mar\u00e7o<\/strong>.<\/p>\n<p>Este dia foi promulgado pela Assembleia da Rep\u00fablica Portuguesa em 1987.<\/p>\n<p>Al\u00e9m de um dia de comemora\u00e7\u00e3o, este \u00e9 um dia de luta e de homenagem, j\u00e1 que a data \u00e9 celebrada pelo movimento estudantil nacional, de forma a relembrar as dificuldades e obst\u00e1culos que os estudantes enfrentaram nas d\u00e9cadas de 60, aquando da crise acad\u00e9mica vivida em Portugal.<\/p>\n<p>A data pretende ainda apelar \u00e0 participa\u00e7\u00e3o e mobiliza\u00e7\u00e3o dos estudantes em prol de um novo modelo de educa\u00e7\u00e3o: uma educa\u00e7\u00e3o de e para todos\/as. O direito \u00e0 educa\u00e7\u00e3o \u00e9 um direito basilar da nossa sociedade consagrado constitucionalmente e que requer o envolvimento de todos\/as. A data lembra ainda que o estudante \u00e9 um pilar da sociedade.<\/p>\n","protected":false},"excerpt":{"rendered":"<p>O Dia Nacional do Estudante comemora-se anualmente no dia\u00a024 de mar\u00e7o. Este dia foi promulgado pela Assembleia da Rep\u00fablica Portuguesa em 1987. Al\u00e9m de um dia de comemora\u00e7\u00e3o, este \u00e9 um dia de luta e de homenagem, j\u00e1 que a data \u00e9 celebrada pelo movimento&nbsp;<a href=\"https:\/\/aeal.edu.pt\/portal\/dia-nacional-do-estudante\/\">&hellip;<\/a><\/p>\n","protected":false},"author":1,"featured_media":5620,"comment_status":"open","ping_status":"open","sticky":false,"template":"","format":"standard","meta":{"footnotes":""},"categories":[12],"tags":[],"class_list":["post-5619","post","type-post","status-publish","format-standard","has-post-thumbnail","hentry","category-geral","odd"],"_links":{"self":[{"href":"https:\/\/aeal.edu.pt\/portal\/wp-json\/wp\/v2\/posts\/5619","targetHints":{"allow":["GET"]}}],"collection":[{"href":"https:\/\/aeal.edu.pt\/portal\/wp-json\/wp\/v2\/posts"}],"about":[{"href":"https:\/\/aeal.edu.pt\/portal\/wp-json\/wp\/v2\/types\/post"}],"author":[{"embeddable":true,"href":"https:\/\/aeal.edu.pt\/portal\/wp-json\/wp\/v2\/users\/1"}],"replies":[{"embeddable":true,"href":"https:\/\/aeal.edu.pt\/portal\/wp-json\/wp\/v2\/comments?post=5619"}],"version-history":[{"count":1,"href":"https:\/\/aeal.edu.pt\/portal\/wp-json\/wp\/v2\/posts\/5619\/revisions"}],"predecessor-version":[{"id":5621,"href":"https:\/\/aeal.edu.pt\/portal\/wp-json\/wp\/v2\/posts\/5619\/revisions\/5621"}],"wp:featuredmedia":[{"embeddable":true,"href":"https:\/\/aeal.edu.pt\/portal\/wp-json\/wp\/v2\/media\/5620"}],"wp:attachment":[{"href":"https:\/\/aeal.edu.pt\/portal\/wp-json\/wp\/v2\/media?parent=5619"}],"wp:term":[{"taxonomy":"category","embeddable":true,"href":"https:\/\/aeal.edu.pt\/portal\/wp-json\/wp\/v2\/categories?post=5619"},{"taxonomy":"post_tag","embeddable":true,"href":"https:\/\/aeal.edu.pt\/portal\/wp-json\/wp\/v2\/tags?post=5619"}],"curies":[{"name":"wp","href":"https:\/\/api.w.org\/{rel}","templated":true}]}}