{"id":5635,"date":"2022-03-25T16:32:48","date_gmt":"2022-03-25T16:32:48","guid":{"rendered":"http:\/\/aeal.edu.pt\/portal\/?p=5635"},"modified":"2022-03-25T16:32:48","modified_gmt":"2022-03-25T16:32:48","slug":"exames-nacionais-2022","status":"publish","type":"post","link":"https:\/\/aeal.edu.pt\/portal\/exames-nacionais-2022\/","title":{"rendered":"Exames Nacionais 2022"},"content":{"rendered":"<p>Informamos\u00a0que\u00a0foi\u00a0publicado\u00a0o\u00a0<strong>Despacho\u00a0Normativo\u00a0n.o 7-A\/2022<\/strong>, de 24 de mar\u00e7o &#8211; Regulamento das Provas de Avalia\u00e7\u00e3o Externa e das Provas de Equival\u00eancia \u00e0 Frequ\u00eancia dos Ensinos B\u00e1sico e Secund\u00e1rio para o ano letivo 2021\/2022.\u200b<\/p>\n<p><a href=\"https:\/\/l.facebook.com\/l.php?u=http%3A%2F%2Faeal.edu.pt%2Fportal%2Fexamesnacionais20222%2F%3Ffbclid%3DIwAR3hNvk0XSGkjiYMYf0V4g_zWie4jbQPhHiNDXjok5rF4nB8Ind5DqfQAWI&amp;h=AT1QhbxwyJB7-TmZhVHzABRC-8d2RHyINK4yoBdcVZnKshxgqVe09tlIWeND0lXvjI3JFeJUg4Sv2ZeJd3S-u_FHFvxZvmGjNtnPGEKcrO_V0fk5MJ9Y_13FFPVXtSiEnL6av3-p_Q&amp;__tn__=-UK-R&amp;c[0]=AT39ybWjUWPan7YXv9-MkA-6Dn4NNQXFNPgTf59fHXdchi4EtGK_NMtXqtt_eZjM-kiUe0u8YOr3OK3dhcQpsZAOQIRnqLgg2N71YBAlwJdPPf_2UaEvsFNdWAAnfcuxRwUpr84sCYP5fQX-1RgGWONBaOB-L1srQ1qoN_GxBkFC3b7zBxmw1iVoOaorfGj3panenc1l\">+ Informa\u00e7\u00f5es<\/a><\/p>\n","protected":false},"excerpt":{"rendered":"<p>Informamos\u00a0que\u00a0foi\u00a0publicado\u00a0o\u00a0Despacho\u00a0Normativo\u00a0n.o 7-A\/2022, de 24 de mar\u00e7o &#8211; Regulamento das Provas de Avalia\u00e7\u00e3o Externa e das Provas de Equival\u00eancia \u00e0 Frequ\u00eancia dos Ensinos B\u00e1sico e Secund\u00e1rio para o ano letivo 2021\/2022.\u200b + Informa\u00e7\u00f5es<\/p>\n","protected":false},"author":1,"featured_media":5626,"comment_status":"open","ping_status":"open","sticky":false,"template":"","format":"standard","meta":{"footnotes":""},"categories":[12,22,16],"tags":[],"class_list":["post-5635","post","type-post","status-publish","format-standard","has-post-thumbnail","hentry","category-geral","category-profissionais","category-secundario","odd"],"_links":{"self":[{"href":"https:\/\/aeal.edu.pt\/portal\/wp-json\/wp\/v2\/posts\/5635","targetHints":{"allow":["GET"]}}],"collection":[{"href":"https:\/\/aeal.edu.pt\/portal\/wp-json\/wp\/v2\/posts"}],"about":[{"href":"https:\/\/aeal.edu.pt\/portal\/wp-json\/wp\/v2\/types\/post"}],"author":[{"embeddable":true,"href":"https:\/\/aeal.edu.pt\/portal\/wp-json\/wp\/v2\/users\/1"}],"replies":[{"embeddable":true,"href":"https:\/\/aeal.edu.pt\/portal\/wp-json\/wp\/v2\/comments?post=5635"}],"version-history":[{"count":1,"href":"https:\/\/aeal.edu.pt\/portal\/wp-json\/wp\/v2\/posts\/5635\/revisions"}],"predecessor-version":[{"id":5636,"href":"https:\/\/aeal.edu.pt\/portal\/wp-json\/wp\/v2\/posts\/5635\/revisions\/5636"}],"wp:featuredmedia":[{"embeddable":true,"href":"https:\/\/aeal.edu.pt\/portal\/wp-json\/wp\/v2\/media\/5626"}],"wp:attachment":[{"href":"https:\/\/aeal.edu.pt\/portal\/wp-json\/wp\/v2\/media?parent=5635"}],"wp:term":[{"taxonomy":"category","embeddable":true,"href":"https:\/\/aeal.edu.pt\/portal\/wp-json\/wp\/v2\/categories?post=5635"},{"taxonomy":"post_tag","embeddable":true,"href":"https:\/\/aeal.edu.pt\/portal\/wp-json\/wp\/v2\/tags?post=5635"}],"curies":[{"name":"wp","href":"https:\/\/api.w.org\/{rel}","templated":true}]}}