{"id":5784,"date":"2022-05-19T16:06:04","date_gmt":"2022-05-19T15:06:04","guid":{"rendered":"http:\/\/aeal.edu.pt\/portal\/?p=5784"},"modified":"2022-05-26T17:07:49","modified_gmt":"2022-05-26T16:07:49","slug":"avaliacao-extraordinaria-cursos-profissionais-modulos-em-atraso","status":"publish","type":"post","link":"https:\/\/aeal.edu.pt\/portal\/avaliacao-extraordinaria-cursos-profissionais-modulos-em-atraso\/","title":{"rendered":"Avalia\u00e7\u00e3o Extraordin\u00e1ria \u2013 Cursos Profissionais &#8211; M\u00f3dulos em Atraso"},"content":{"rendered":"<p><strong>avalia\u00e7\u00e3o extraordin\u00e1ria \u2013 Cursos Profissionais<\/strong><\/p>\n<p>M\u00f3dulos em atraso<\/p>\n<p><strong>\u00a0<\/strong><\/p>\n<p>Apresento as datas dos exames de avalia\u00e7\u00e3oextraordin\u00e1ria dos m\u00f3dulos\/disciplinas, a realizar no m\u00eas de <strong>junho de 2022<\/strong>.<\/p>\n<p>&nbsp;<\/p>\n<p><strong><u>Exames escritos:<\/u><\/strong><\/p>\n<p>Todos os exames s\u00e3o realizados \u00e0s 17h00, na sala indicada na pauta de chamada.<\/p>\n<p>&nbsp;<\/p>\n<table width=\"384\">\n<tbody>\n<tr>\n<td colspan=\"3\" width=\"192\"><strong>06\/06\/2022 &#8211; 2.\u00aa Feira<\/strong><\/td>\n<td colspan=\"3\" width=\"192\"><strong>Estudo do Movimento &#8211; M\u00f3dulo 1<\/strong><\/td>\n<\/tr>\n<tr>\n<td><\/td>\n<td><\/td>\n<td><\/td>\n<td colspan=\"3\"><strong>Estudo do Movimento &#8211; M\u00f3dulo 7<\/strong><\/td>\n<\/tr>\n<tr>\n<td><\/td>\n<td><\/td>\n<td><\/td>\n<td colspan=\"2\"><strong>Ingl\u00eas &#8211; M\u00f3dulo 6<\/strong><\/td>\n<td><\/td>\n<\/tr>\n<tr>\n<td><\/td>\n<td><\/td>\n<td><\/td>\n<td><\/td>\n<td><\/td>\n<td><\/td>\n<\/tr>\n<tr>\n<td colspan=\"3\"><strong>09\/06\/2022 &#8211; 5.\u00aa Feira<\/strong><\/td>\n<td colspan=\"3\"><strong>Estudo do Movimento &#8211; M\u00f3dulo 2<\/strong><\/td>\n<\/tr>\n<tr>\n<td><\/td>\n<td><\/td>\n<td><\/td>\n<td><\/td>\n<td><\/td>\n<td><\/td>\n<\/tr>\n<tr>\n<td colspan=\"3\"><strong>13\/06\/2022 &#8211; 2.\u00aa Feira<\/strong><\/td>\n<td colspan=\"3\"><strong>Estudo do Movimento &#8211; M\u00f3dulo 3<\/strong><\/td>\n<\/tr>\n<tr>\n<td><\/td>\n<td><\/td>\n<td><\/td>\n<td><\/td>\n<td><\/td>\n<td><\/td>\n<\/tr>\n<tr>\n<td colspan=\"3\"><strong>15\/06\/2022 &#8211; 4.\u00aa Feira<\/strong><\/td>\n<td colspan=\"3\"><strong>Estudo do Movimento &#8211; M\u00f3dulo 4<\/strong><\/td>\n<\/tr>\n<tr>\n<td><\/td>\n<td><\/td>\n<td><\/td>\n<td colspan=\"3\"><strong>Psicologia &#8211; M\u00f3dulo P 2<\/strong><\/td>\n<\/tr>\n<tr>\n<td><\/td>\n<td><\/td>\n<td><\/td>\n<td><\/td>\n<td><\/td>\n<td><\/td>\n<\/tr>\n<tr>\n<td colspan=\"3\"><strong>20\/06\/2022 &#8211; 2.\u00aa Feira<\/strong><\/td>\n<td colspan=\"3\"><strong>Estudo do Movimento &#8211; M\u00f3dulo 5<\/strong><\/td>\n<\/tr>\n<tr>\n<td><\/td>\n<td><\/td>\n<td><\/td>\n<td colspan=\"3\"><strong>Psicologia &#8211; M\u00f3dulo P 3<\/strong><\/td>\n<\/tr>\n<\/tbody>\n<\/table>\n<p>&nbsp;<\/p>\n<p>&nbsp;<\/p>\n<p><strong><u>Exames\u00a0pr\u00e1ticos:<\/u><\/strong><br \/>\nTodas as avalia\u00e7\u00f5es s\u00e3o realizadas pelo professor(a) do m\u00f3dulo\/disciplina, durante o m\u00eas de junho de 2022.<\/p>\n<table width=\"567\">\n<tbody>\n<tr>\n<td width=\"567\"><strong>F\u00edsica e Qu\u00edmica &#8211; M\u00f3dulo E2.F1<\/strong><\/td>\n<\/tr>\n<tr>\n<td width=\"567\"><strong>F\u00edsica e Qu\u00edmica &#8211; M\u00f3dulo F5<\/strong><\/td>\n<\/tr>\n<tr>\n<td width=\"567\"><strong>F\u00edsica e Qu\u00edmica &#8211; M\u00f3dulo Q2<\/strong><\/td>\n<\/tr>\n<tr>\n<td width=\"567\"><strong>TIC &#8211; M\u00f3dulo 2<\/strong><\/td>\n<\/tr>\n<tr>\n<td width=\"567\"><strong>TIC &#8211; M\u00f3dulo 1<\/strong><\/td>\n<\/tr>\n<tr>\n<td width=\"567\"><strong>Atividades de Gin\u00e1sio &#8211; UFCD 9455<\/strong><\/td>\n<\/tr>\n<tr>\n<td width=\"567\"><strong>Atividades de Gin\u00e1sio &#8211; UFCD 9456<\/strong><\/td>\n<\/tr>\n<tr>\n<td width=\"567\"><strong>Desportos Individuais &#8211; UFCD 9462<\/strong><\/td>\n<\/tr>\n<tr>\n<td width=\"567\"><strong>Prova de Aptid\u00e3o Profissional<\/strong><\/p>\n<p><strong>Portugu\u00eas \u2013 M\u00f3dulo 3<\/strong><\/td>\n<\/tr>\n<tr>\n<td width=\"567\"><strong>Educa\u00e7\u00e3o F\u00edsica \u2013 M\u00f3dulo 13<\/strong><\/td>\n<\/tr>\n<\/tbody>\n<\/table>\n<p>&nbsp;<\/p>\n<p><strong>Qualquer informa\u00e7\u00e3o adicional, contactar os servi\u00e7os\u00a0administrativos e\/ou a dire\u00e7\u00e3o.<\/strong><\/p>\n","protected":false},"excerpt":{"rendered":"<p>avalia\u00e7\u00e3o extraordin\u00e1ria \u2013 Cursos Profissionais M\u00f3dulos em atraso \u00a0 Apresento as datas dos exames de avalia\u00e7\u00e3oextraordin\u00e1ria dos m\u00f3dulos\/disciplinas, a realizar no m\u00eas de junho de 2022. &nbsp; Exames escritos: Todos os exames s\u00e3o realizados \u00e0s 17h00, na sala indicada na pauta de chamada. &nbsp; 06\/06\/2022&nbsp;<a href=\"https:\/\/aeal.edu.pt\/portal\/avaliacao-extraordinaria-cursos-profissionais-modulos-em-atraso\/\">&hellip;<\/a><\/p>\n","protected":false},"author":1,"featured_media":5788,"comment_status":"open","ping_status":"open","sticky":false,"template":"","format":"standard","meta":{"footnotes":""},"categories":[22],"tags":[],"class_list":["post-5784","post","type-post","status-publish","format-standard","has-post-thumbnail","hentry","category-profissionais","odd"],"_links":{"self":[{"href":"https:\/\/aeal.edu.pt\/portal\/wp-json\/wp\/v2\/posts\/5784","targetHints":{"allow":["GET"]}}],"collection":[{"href":"https:\/\/aeal.edu.pt\/portal\/wp-json\/wp\/v2\/posts"}],"about":[{"href":"https:\/\/aeal.edu.pt\/portal\/wp-json\/wp\/v2\/types\/post"}],"author":[{"embeddable":true,"href":"https:\/\/aeal.edu.pt\/portal\/wp-json\/wp\/v2\/users\/1"}],"replies":[{"embeddable":true,"href":"https:\/\/aeal.edu.pt\/portal\/wp-json\/wp\/v2\/comments?post=5784"}],"version-history":[{"count":3,"href":"https:\/\/aeal.edu.pt\/portal\/wp-json\/wp\/v2\/posts\/5784\/revisions"}],"predecessor-version":[{"id":5798,"href":"https:\/\/aeal.edu.pt\/portal\/wp-json\/wp\/v2\/posts\/5784\/revisions\/5798"}],"wp:featuredmedia":[{"embeddable":true,"href":"https:\/\/aeal.edu.pt\/portal\/wp-json\/wp\/v2\/media\/5788"}],"wp:attachment":[{"href":"https:\/\/aeal.edu.pt\/portal\/wp-json\/wp\/v2\/media?parent=5784"}],"wp:term":[{"taxonomy":"category","embeddable":true,"href":"https:\/\/aeal.edu.pt\/portal\/wp-json\/wp\/v2\/categories?post=5784"},{"taxonomy":"post_tag","embeddable":true,"href":"https:\/\/aeal.edu.pt\/portal\/wp-json\/wp\/v2\/tags?post=5784"}],"curies":[{"name":"wp","href":"https:\/\/api.w.org\/{rel}","templated":true}]}}