{"id":5790,"date":"2022-05-25T18:57:37","date_gmt":"2022-05-25T17:57:37","guid":{"rendered":"http:\/\/aeal.edu.pt\/portal\/?p=5790"},"modified":"2022-05-25T19:08:58","modified_gmt":"2022-05-25T18:08:58","slug":"aeal-conquista-titulo-de-vice-campeao-nacional-de-basquetebol-escolar","status":"publish","type":"post","link":"https:\/\/aeal.edu.pt\/portal\/aeal-conquista-titulo-de-vice-campeao-nacional-de-basquetebol-escolar\/","title":{"rendered":"AEAL conquista t\u00edtulo de vice-campe\u00e3o nacional de basquetebol escolar"},"content":{"rendered":"<p>Nos dias 19, 20, 21 e 22 de maio, realizaram-se os Campeonatos Nacionais Escolares Juvenis 2022, ap\u00f3s dois anos de aus\u00eancia, devido \u00e0 pandemia da covid-19,<br \/>\nNa final, realizada dia 21 de maio, em Viana do Castelo, a equipa de Basquetebol do AEAL perdeu por um escasso ponto, frente \u00e0 secund\u00e1ria Rocha Peixoto da P\u00f3voa do Varzim, por 53-54. Nos jogos anteriores at\u00e9 \u00e0 final, a nossa equipa venceu as cong\u00e9neres que representaram Lisboa e Vale do Tejo, Set\u00fabal e Algarve, nesta competi\u00e7\u00e3o escolar.<br \/>\nTamb\u00e9m nestes campeonatos, a nossa aluna In\u00eas Silva alcan\u00e7ou o 3\u00ba lugar, na modalidade de Nata\u00e7\u00e3o, nos 100m estilos.<br \/>\nParab\u00e9ns aos nossos alunos!!<\/p>\n","protected":false},"excerpt":{"rendered":"<p>Nos dias 19, 20, 21 e 22 de maio, realizaram-se os Campeonatos Nacionais Escolares Juvenis 2022, ap\u00f3s dois anos de aus\u00eancia, devido \u00e0 pandemia da covid-19, Na final, realizada dia 21 de maio, em Viana do Castelo, a equipa de Basquetebol do AEAL perdeu por&nbsp;<a href=\"https:\/\/aeal.edu.pt\/portal\/aeal-conquista-titulo-de-vice-campeao-nacional-de-basquetebol-escolar\/\">&hellip;<\/a><\/p>\n","protected":false},"author":3,"featured_media":5793,"comment_status":"open","ping_status":"open","sticky":false,"template":"","format":"standard","meta":{"footnotes":""},"categories":[1],"tags":[],"class_list":["post-5790","post","type-post","status-publish","format-standard","has-post-thumbnail","hentry","category-desporto-escolar","odd"],"_links":{"self":[{"href":"https:\/\/aeal.edu.pt\/portal\/wp-json\/wp\/v2\/posts\/5790","targetHints":{"allow":["GET"]}}],"collection":[{"href":"https:\/\/aeal.edu.pt\/portal\/wp-json\/wp\/v2\/posts"}],"about":[{"href":"https:\/\/aeal.edu.pt\/portal\/wp-json\/wp\/v2\/types\/post"}],"author":[{"embeddable":true,"href":"https:\/\/aeal.edu.pt\/portal\/wp-json\/wp\/v2\/users\/3"}],"replies":[{"embeddable":true,"href":"https:\/\/aeal.edu.pt\/portal\/wp-json\/wp\/v2\/comments?post=5790"}],"version-history":[{"count":1,"href":"https:\/\/aeal.edu.pt\/portal\/wp-json\/wp\/v2\/posts\/5790\/revisions"}],"predecessor-version":[{"id":5792,"href":"https:\/\/aeal.edu.pt\/portal\/wp-json\/wp\/v2\/posts\/5790\/revisions\/5792"}],"wp:featuredmedia":[{"embeddable":true,"href":"https:\/\/aeal.edu.pt\/portal\/wp-json\/wp\/v2\/media\/5793"}],"wp:attachment":[{"href":"https:\/\/aeal.edu.pt\/portal\/wp-json\/wp\/v2\/media?parent=5790"}],"wp:term":[{"taxonomy":"category","embeddable":true,"href":"https:\/\/aeal.edu.pt\/portal\/wp-json\/wp\/v2\/categories?post=5790"},{"taxonomy":"post_tag","embeddable":true,"href":"https:\/\/aeal.edu.pt\/portal\/wp-json\/wp\/v2\/tags?post=5790"}],"curies":[{"name":"wp","href":"https:\/\/api.w.org\/{rel}","templated":true}]}}