{"id":6045,"date":"2022-10-18T12:07:11","date_gmt":"2022-10-18T11:07:11","guid":{"rendered":"http:\/\/aeal.edu.pt\/portal\/?p=6045"},"modified":"2022-10-18T12:07:11","modified_gmt":"2022-10-18T11:07:11","slug":"6045-2","status":"publish","type":"post","link":"https:\/\/aeal.edu.pt\/portal\/6045-2\/","title":{"rendered":""},"content":{"rendered":"<p>Informam-se os alunos do AEAL que est\u00e1 aberto o processo para a elei\u00e7\u00e3o dos \u00d3rg\u00e3os Sociais da Associa\u00e7\u00e3o de Estudantes do Agrupamento de Escolas Amato Lusitano.<\/p>\n<p>O Ato Eleitoral decorrer\u00e1 das 10:20 \u00e0s 17:30 horas, no dia 15 de novembro, (3\u00aaFeira),em Duas Urnas: 1 no \u00c1trio da Entrada Principal da Escola Amato Lusitano;<br \/>\n1 na Escola EB2,3 Jo\u00e3o Roiz.<\/p>\n<p>As candidaturas das listas concorrentes s\u00e3o apresentadas at\u00e9 \u00e0s 15:00h dos dia 21 de outubro de 2022.<\/p>\n<div class='w3eden'><!-- WPDM Link Template: Default Template -->\n\n<div class=\"link-template-default card mb-2\">\n    <div class=\"card-body\">\n        <div class=\"media\">\n            <div class=\"mr-3 img-48\"><img decoding=\"async\" class=\"wpdm_icon\" alt=\"Icon\" src=\"https:\/\/aeal.edu.pt\/portal\/wp-content\/plugins\/download-manager\/assets\/file-type-icons\/pdf.svg\" \/><\/div>\n            <div class=\"media-body\">\n                <h3 class=\"package-title\"><a href='https:\/\/aeal.edu.pt\/portal\/download\/convocatoria-para-eleicao-dos-orgaos-sociais-da-associacao-de-estudantes-da-aeal\/'>Convocat\u00f3ria para elei\u00e7\u00e3o dos \u00d3rg\u00e3os Sociais da Associa\u00e7\u00e3o de Estudantes da AEAL<\/a><\/h3>\n                <div class=\"text-muted text-small\"><i class=\"fas fa-copy\"><\/i> 1 file(s) <i class=\"fas fa-hdd ml-3\"><\/i> 289.26 KB<\/div>\n            <\/div>\n            <div class=\"ml-3\">\n                <a class='wpdm-download-link download-on-click btn btn-primary ' rel='nofollow' href='#' data-downloadurl=\"https:\/\/aeal.edu.pt\/portal\/download\/convocatoria-para-eleicao-dos-orgaos-sociais-da-associacao-de-estudantes-da-aeal\/?wpdmdl=6048&refresh=69f434de61d7c1777611998\">Download<\/a>\n            <\/div>\n        <\/div>\n    <\/div>\n<\/div>\n\n<\/div>\n<div class='w3eden'><!-- WPDM Link Template: Default Template -->\n\n<div class=\"link-template-default card mb-2\">\n    <div class=\"card-body\">\n        <div class=\"media\">\n            <div class=\"mr-3 img-48\"><img decoding=\"async\" class=\"wpdm_icon\" alt=\"Icon\" src=\"https:\/\/aeal.edu.pt\/portal\/wp-content\/plugins\/download-manager\/assets\/file-type-icons\/docx.svg\" \/><\/div>\n            <div class=\"media-body\">\n                <h3 class=\"package-title\"><a href='https:\/\/aeal.edu.pt\/portal\/download\/modelo-para-candidatura-das-listas-associacao-de-estudantes-aeaeal\/'>Modelo para Candidatura das Listas Associa\u00e7\u00e3o de Estudantes AEAEAL<\/a><\/h3>\n                <div class=\"text-muted text-small\"><i class=\"fas fa-copy\"><\/i> 1 file(s) <i class=\"fas fa-hdd ml-3\"><\/i> 89.23 KB<\/div>\n            <\/div>\n            <div class=\"ml-3\">\n                <a class='wpdm-download-link download-on-click btn btn-primary ' rel='nofollow' href='#' data-downloadurl=\"https:\/\/aeal.edu.pt\/portal\/download\/modelo-para-candidatura-das-listas-associacao-de-estudantes-aeaeal\/?wpdmdl=6047&refresh=69f434de68e0d1777611998\">Download<\/a>\n            <\/div>\n        <\/div>\n    <\/div>\n<\/div>\n\n<\/div>\n","protected":false},"excerpt":{"rendered":"<p>Informam-se os alunos do AEAL que est\u00e1 aberto o processo para a elei\u00e7\u00e3o dos \u00d3rg\u00e3os Sociais da Associa\u00e7\u00e3o de Estudantes do Agrupamento de Escolas Amato Lusitano. O Ato Eleitoral decorrer\u00e1 das 10:20 \u00e0s 17:30 horas, no dia 15 de novembro, (3\u00aaFeira),em Duas Urnas: 1 no&nbsp;<a href=\"https:\/\/aeal.edu.pt\/portal\/6045-2\/\">&hellip;<\/a><\/p>\n","protected":false},"author":1,"featured_media":6046,"comment_status":"closed","ping_status":"open","sticky":false,"template":"","format":"standard","meta":{"footnotes":""},"categories":[39],"tags":[],"class_list":["post-6045","post","type-post","status-publish","format-standard","has-post-thumbnail","hentry","category-associacao-de-estudantes","odd"],"_links":{"self":[{"href":"https:\/\/aeal.edu.pt\/portal\/wp-json\/wp\/v2\/posts\/6045","targetHints":{"allow":["GET"]}}],"collection":[{"href":"https:\/\/aeal.edu.pt\/portal\/wp-json\/wp\/v2\/posts"}],"about":[{"href":"https:\/\/aeal.edu.pt\/portal\/wp-json\/wp\/v2\/types\/post"}],"author":[{"embeddable":true,"href":"https:\/\/aeal.edu.pt\/portal\/wp-json\/wp\/v2\/users\/1"}],"replies":[{"embeddable":true,"href":"https:\/\/aeal.edu.pt\/portal\/wp-json\/wp\/v2\/comments?post=6045"}],"version-history":[{"count":1,"href":"https:\/\/aeal.edu.pt\/portal\/wp-json\/wp\/v2\/posts\/6045\/revisions"}],"predecessor-version":[{"id":6049,"href":"https:\/\/aeal.edu.pt\/portal\/wp-json\/wp\/v2\/posts\/6045\/revisions\/6049"}],"wp:featuredmedia":[{"embeddable":true,"href":"https:\/\/aeal.edu.pt\/portal\/wp-json\/wp\/v2\/media\/6046"}],"wp:attachment":[{"href":"https:\/\/aeal.edu.pt\/portal\/wp-json\/wp\/v2\/media?parent=6045"}],"wp:term":[{"taxonomy":"category","embeddable":true,"href":"https:\/\/aeal.edu.pt\/portal\/wp-json\/wp\/v2\/categories?post=6045"},{"taxonomy":"post_tag","embeddable":true,"href":"https:\/\/aeal.edu.pt\/portal\/wp-json\/wp\/v2\/tags?post=6045"}],"curies":[{"name":"wp","href":"https:\/\/api.w.org\/{rel}","templated":true}]}}