{"id":6080,"date":"2022-11-21T15:16:21","date_gmt":"2022-11-21T15:16:21","guid":{"rendered":"https:\/\/aeal.edu.pt\/portal\/?p=6080"},"modified":"2022-11-21T15:16:21","modified_gmt":"2022-11-21T15:16:21","slug":"tomada-de-posse-da-associacao-de-estudantes-2022-23","status":"publish","type":"post","link":"https:\/\/aeal.edu.pt\/portal\/tomada-de-posse-da-associacao-de-estudantes-2022-23\/","title":{"rendered":"Tomada de posse da Associa\u00e7\u00e3o de Estudantes 2022\/23"},"content":{"rendered":"<p>No passado dia 18 de novembro tomou posse, no audit\u00f3rio da Escola Amato Lusitano, a Associa\u00e7\u00e3o de Estudantes do Agrupamento de Escolas Amato Lusitano perante a Diretora do AEAL e adjuntos da dire\u00e7\u00e3o.<br \/>\nOs membros da Associa\u00e7\u00e3o de Estudantes prometeram cumprir as suas fun\u00e7\u00f5es, no \u00e2mbito dos respetivos cargos, durante o presente ano letivo \u2013 2022\/2023.<br \/>\nNo final, a Presidente da Associa\u00e7\u00e3o de Estudantes real\u00e7ou algumas das medidas a implementar e agradeceu o apoio e confian\u00e7a depositados nesta equipa e prometeu dar voz ativa aos colegas para que possam participar na constru\u00e7\u00e3o de uma escola melhor e mais inclusiva.<\/p>\n","protected":false},"excerpt":{"rendered":"<p>No passado dia 18 de novembro tomou posse, no audit\u00f3rio da Escola Amato Lusitano, a Associa\u00e7\u00e3o de Estudantes do Agrupamento de Escolas Amato Lusitano perante a Diretora do AEAL e adjuntos da dire\u00e7\u00e3o. Os membros da Associa\u00e7\u00e3o de Estudantes prometeram cumprir as suas fun\u00e7\u00f5es, no&nbsp;<a href=\"https:\/\/aeal.edu.pt\/portal\/tomada-de-posse-da-associacao-de-estudantes-2022-23\/\">&hellip;<\/a><\/p>\n","protected":false},"author":1,"featured_media":6081,"comment_status":"closed","ping_status":"open","sticky":false,"template":"","format":"standard","meta":{"footnotes":""},"categories":[1],"tags":[],"class_list":["post-6080","post","type-post","status-publish","format-standard","has-post-thumbnail","hentry","category-desporto-escolar","odd"],"_links":{"self":[{"href":"https:\/\/aeal.edu.pt\/portal\/wp-json\/wp\/v2\/posts\/6080","targetHints":{"allow":["GET"]}}],"collection":[{"href":"https:\/\/aeal.edu.pt\/portal\/wp-json\/wp\/v2\/posts"}],"about":[{"href":"https:\/\/aeal.edu.pt\/portal\/wp-json\/wp\/v2\/types\/post"}],"author":[{"embeddable":true,"href":"https:\/\/aeal.edu.pt\/portal\/wp-json\/wp\/v2\/users\/1"}],"replies":[{"embeddable":true,"href":"https:\/\/aeal.edu.pt\/portal\/wp-json\/wp\/v2\/comments?post=6080"}],"version-history":[{"count":1,"href":"https:\/\/aeal.edu.pt\/portal\/wp-json\/wp\/v2\/posts\/6080\/revisions"}],"predecessor-version":[{"id":6082,"href":"https:\/\/aeal.edu.pt\/portal\/wp-json\/wp\/v2\/posts\/6080\/revisions\/6082"}],"wp:featuredmedia":[{"embeddable":true,"href":"https:\/\/aeal.edu.pt\/portal\/wp-json\/wp\/v2\/media\/6081"}],"wp:attachment":[{"href":"https:\/\/aeal.edu.pt\/portal\/wp-json\/wp\/v2\/media?parent=6080"}],"wp:term":[{"taxonomy":"category","embeddable":true,"href":"https:\/\/aeal.edu.pt\/portal\/wp-json\/wp\/v2\/categories?post=6080"},{"taxonomy":"post_tag","embeddable":true,"href":"https:\/\/aeal.edu.pt\/portal\/wp-json\/wp\/v2\/tags?post=6080"}],"curies":[{"name":"wp","href":"https:\/\/api.w.org\/{rel}","templated":true}]}}