{"id":6098,"date":"2022-12-21T10:52:43","date_gmt":"2022-12-21T10:52:43","guid":{"rendered":"http:\/\/aeal.edu.pt\/portal\/?p=6098"},"modified":"2022-12-21T19:11:14","modified_gmt":"2022-12-21T19:11:14","slug":"avaliacoes-finais-do-1operiodo","status":"publish","type":"post","link":"https:\/\/aeal.edu.pt\/portal\/avaliacoes-finais-do-1operiodo\/","title":{"rendered":"Avalia\u00e7\u00f5es finais do 1\u00baPer\u00edodo"},"content":{"rendered":"<p>Informam-se os Alunos e Encarregados de Educa\u00e7\u00e3o de que as pautas das classifica\u00e7\u00f5es finais do 1.\u00ba per\u00edodo ser\u00e3o afixadas, por escola, <strong><em>a partir das 10h, do dia 22\/12\/2022<\/em><\/strong>\u00a0e ficar\u00e3o dispon\u00edveis, atrav\u00e9s da Plataforma<em><strong>\u00a0<a href=\"https:\/\/inovar.aeal.edu.pt\/inovarconsulta\/app\/index.html#\/login\">Inovar\u00a0<\/a><\/strong><\/em><strong><em>C<\/em><\/strong><em><strong>onsulta Alunos,<\/strong><\/em>\u00a0a partir do dia\u00a0<em><strong>23\/12\/2022<\/strong><\/em>.<\/p>\n<p>&nbsp;<\/p>\n","protected":false},"excerpt":{"rendered":"<p>Informam-se os Alunos e Encarregados de Educa\u00e7\u00e3o de que as pautas das classifica\u00e7\u00f5es finais do 1.\u00ba per\u00edodo ser\u00e3o afixadas, por escola, a partir das 10h, do dia 22\/12\/2022\u00a0e ficar\u00e3o dispon\u00edveis, atrav\u00e9s da Plataforma\u00a0Inovar\u00a0Consulta Alunos,\u00a0a partir do dia\u00a023\/12\/2022. &nbsp;<\/p>\n","protected":false},"author":1,"featured_media":5282,"comment_status":"closed","ping_status":"open","sticky":false,"template":"","format":"standard","meta":{"footnotes":""},"categories":[12,22,16],"tags":[],"class_list":["post-6098","post","type-post","status-publish","format-standard","has-post-thumbnail","hentry","category-geral","category-profissionais","category-secundario","odd"],"_links":{"self":[{"href":"https:\/\/aeal.edu.pt\/portal\/wp-json\/wp\/v2\/posts\/6098","targetHints":{"allow":["GET"]}}],"collection":[{"href":"https:\/\/aeal.edu.pt\/portal\/wp-json\/wp\/v2\/posts"}],"about":[{"href":"https:\/\/aeal.edu.pt\/portal\/wp-json\/wp\/v2\/types\/post"}],"author":[{"embeddable":true,"href":"https:\/\/aeal.edu.pt\/portal\/wp-json\/wp\/v2\/users\/1"}],"replies":[{"embeddable":true,"href":"https:\/\/aeal.edu.pt\/portal\/wp-json\/wp\/v2\/comments?post=6098"}],"version-history":[{"count":8,"href":"https:\/\/aeal.edu.pt\/portal\/wp-json\/wp\/v2\/posts\/6098\/revisions"}],"predecessor-version":[{"id":6107,"href":"https:\/\/aeal.edu.pt\/portal\/wp-json\/wp\/v2\/posts\/6098\/revisions\/6107"}],"wp:featuredmedia":[{"embeddable":true,"href":"https:\/\/aeal.edu.pt\/portal\/wp-json\/wp\/v2\/media\/5282"}],"wp:attachment":[{"href":"https:\/\/aeal.edu.pt\/portal\/wp-json\/wp\/v2\/media?parent=6098"}],"wp:term":[{"taxonomy":"category","embeddable":true,"href":"https:\/\/aeal.edu.pt\/portal\/wp-json\/wp\/v2\/categories?post=6098"},{"taxonomy":"post_tag","embeddable":true,"href":"https:\/\/aeal.edu.pt\/portal\/wp-json\/wp\/v2\/tags?post=6098"}],"curies":[{"name":"wp","href":"https:\/\/api.w.org\/{rel}","templated":true}]}}