{"id":6527,"date":"2023-04-14T22:19:53","date_gmt":"2023-04-14T21:19:53","guid":{"rendered":"http:\/\/aeal.edu.pt\/portal\/?p=6527"},"modified":"2023-06-29T11:46:05","modified_gmt":"2023-06-29T10:46:05","slug":"matriculas-para-o-ano-letivo-2023-2024","status":"publish","type":"post","link":"https:\/\/aeal.edu.pt\/portal\/matriculas-para-o-ano-letivo-2023-2024\/","title":{"rendered":"MATR\u00cdCULAS PARA O ANO LETIVO 2023-2024"},"content":{"rendered":"<p><span class=\"ms-rteThemeFontFace-1\">O Despacho que estabelece o calend\u00e1rio das matr\u00edculas e respetivas renova\u00e7\u00f5es para a educa\u00e7\u00e3o pr\u00e9-escolar e os ensinos b\u00e1sico e secund\u00e1rio, para o ano letivo de 2023-2024,\u00a0j\u00e1 est\u00e1 publicado em Di\u00e1rio da Rep\u00fablica.<\/span><\/p>\n<p><a href=\"https:\/\/files.dre.pt\/2s\/2023\/04\/073000001\/0000200004.pdf\" target=\"_blank\" rel=\"noopener\"><span class=\"ms-rteThemeFontFace-1 ms-rteThemeForeColor-6-4\"><strong>Despacho n.\u00ba 4506-A\/2023-Di\u00e1rio da Rep\u00fablica n.\u00ba 73\/2023, 1\u00ba Suplemento, S\u00e9rie II de 2023-04-13<\/strong><\/span><\/a><\/p>\n<p><span class=\"ms-rteThemeFontFace-1\">_________________________<\/span><\/p>\n<p><span class=\"ms-rteThemeFontFace-1\">As inscri\u00e7\u00f5es para o ano letivo 2023-2024\u00a0<\/span><span class=\"ms-rteThemeFontFace-1\">devem ser\u00a0formalizadas no\u00a0<\/span><a href=\"https:\/\/portaldasmatriculas.edu.gov.pt\/pmat\/#\/portal\/home\" target=\"_blank\" rel=\"noopener\"><span class=\"ms-rteThemeFontFace-1 ms-rteThemeForeColor-6-4\">Portal das Matr\u00edculas<\/span><\/a><span class=\"ms-rteThemeFontFace-1\">.<\/span><\/p>\n<p>_________________________<\/p>\n<p><br class=\"ms-rteThemeFontFace-1\" \/><span class=\"ms-rteThemeFontFace-1\"><b><br \/>\n<\/b><\/span><\/p>\n<p><span class=\"ms-rteThemeFontFace-1\"><b>O per\u00edodo normal de matr\u00edcula e renova\u00e7\u00e3o \u00e9 fixado:<\/b><\/span><br class=\"ms-rteThemeFontFace-1\" \/><br class=\"ms-rteThemeFontFace-1\" \/><\/p>\n<blockquote><p><span class=\"ms-rteThemeFontFace-1\"><b>\u00b7\u00a0<\/b><b><\/b>Entre o dia\u00a0<b>15 de\u00a0abril e o dia 15 de maio<\/b>, para a\u00a0educa\u00e7\u00e3o pr\u00e9-escolar e para o 1.\u00ba ano do 1.\u00ba ciclo do ensino b\u00e1sico;<\/span><\/p><\/blockquote>\n<blockquote><p><span class=\"ms-rteThemeFontFace-1\"><strong>\u00b7\u00a0<\/strong>Entre o dia <b>22 de junho a 02 de julho<\/b>, para os\u00a06.\u00ba, 7.\u00ba, 8.\u00ba, 9.\u00ba anos\u00a0do ensino b\u00e1sico e 11.\u00ba ano do ensino secund\u00e1rio;<\/span><\/p><\/blockquote>\n<blockquote><p><span class=\"ms-rteThemeFontFace-1\"><strong>\u00b7\u00a0<\/strong>Entre o dia\u00a0<b>6 de julho e o dia 10 de julho<\/b>, para\u00a0os 2.\u00ba, 3.\u00ba, 4.\u00ba e 5.\u00ba anos do ensino b\u00e1sico;<\/span><\/p><\/blockquote>\n<blockquote><p><span class=\"ms-rteThemeFontFace-1\"><strong>\u00b7\u00a0<\/strong>Entre o dia\u00a0<b>15 de julho e o dia 20 de julho<\/b>, para\u00a0os 10.\u00ba e 12.\u00ba anos do ensino secund\u00e1rio.<\/span><\/p><\/blockquote>\n<table class=\"ms-rteTable-default\" width=\"100%\" cellspacing=\"0\">\n<tbody>\n<tr>\n<td class=\"ms-rteTable-default\"><strong>N\u00edvel de Ensino<\/strong><\/td>\n<td class=\"ms-rteTable-default\"><strong>Matr\u00edcula\/Renova\u00e7\u00e3o<\/strong><\/td>\n<td class=\"ms-rteTable-default\"><strong>Publica\u00e7\u00e3o das listas de<\/strong><\/p>\n<p><strong>alunos admitidos<\/strong><\/td>\n<\/tr>\n<tr>\n<td class=\"ms-rteTable-default\"><strong>Educa\u00e7\u00e3o pr\u00e9-escolar<\/strong><\/p>\n<p><strong>e 1.\u00ba ano\u00a0de escolaridade<\/strong><\/td>\n<td class=\"ms-rteTable-default\">15 de abril a 15 de maio<\/td>\n<td class=\"ms-rteTable-default\">3 de julho<\/td>\n<\/tr>\n<tr>\n<td class=\"ms-rteTable-default\"><strong>6.\u00ba, 7.\u00ba, 8.\u00ba, 9.\u00ba e 11.\u00ba anos de escolaridade<\/strong><\/td>\n<td class=\"ms-rteTable-default\">22 de junho a 02 de julho<\/td>\n<td class=\"ms-rteTable-default\">1 de agosto<\/td>\n<\/tr>\n<tr>\n<td class=\"ms-rteTable-default\"><strong>2.\u00ba, 3.\u00ba, 4.\u00ba e 5.\u00ba anos do ensino b\u00e1sico<\/strong><\/td>\n<td class=\"ms-rteTable-default\">6 de julho a 10 de julho<\/td>\n<td class=\"ms-rteTable-default\">1 de agosto<\/td>\n<\/tr>\n<tr>\n<td class=\"ms-rteTable-default\"><strong>10.\u00ba e 12.\u00ba anos de escolaridade<\/strong><\/td>\n<td class=\"ms-rteTable-default\">15 de julho a 20 de julho<\/td>\n<td class=\"ms-rteTable-default\">1 de agosto<\/td>\n<\/tr>\n<\/tbody>\n<\/table>\n<p>&nbsp;<\/p>\n<p><span class=\"ms-rteThemeFontFace-1\"><b>Quando deve fazer a matr\u00edcula?<\/b><\/span><\/p>\n<p><b>\u00b7\u00a0Matr\u00edcula, pela primeira ve<\/b><b>z<\/b>, no Pr\u00e9-Escolar e no 1.\u00ba ano;<\/p>\n<p>\u00b7\u00a0<b>Renovar\u00a0<\/b><b>matr\u00edcula, na transi\u00e7\u00e3o para o 5.\u00ba, 7.\u00ba, 10.\u00ba e 12.\u00ba anos<\/b>;<\/p>\n<p><b>\u00b7\u00a0Renovar matr\u00edcula, na transi\u00e7\u00e3o para os outros anos<\/b>, sempre que pretenda ou seja necess\u00e1ria:<\/p>\n<p>&nbsp;<\/p>\n<blockquote><p><span class=\"ms-rteThemeFontFace-1\">\u2013 A mudan\u00e7a de estabelecimento de educa\u00e7\u00e3o ou de ensino;<\/span><\/p><\/blockquote>\n<blockquote><p><span class=\"ms-rteThemeFontFace-1\">\u2013 A altera\u00e7\u00e3o de encarregado de educa\u00e7\u00e3o;<\/span><\/p><\/blockquote>\n<blockquote><p><span class=\"ms-rteThemeFontFace-1\">\u2013 A mudan\u00e7a de curso ou de percurso formativo;<\/span><\/p><\/blockquote>\n<blockquote><p><span class=\"ms-rteThemeFontFace-1\">\u2013 A escolha de disciplinas (dependente de op\u00e7\u00e3o curricular).<\/span><\/p><\/blockquote>\n<p><span class=\"ms-rteThemeFontFace-1\"><br \/>\nNa educa\u00e7\u00e3o pr\u00e9-escolar e 1.\u00ba ano,\u00a0as listas de alunos admitidos\u00a0s\u00e3o publicadas a\u00a0<u>3\u00a0de julho de 2023<\/u>\u00a0e a\u00a0<u>1 de agosto<\/u>, para os restantes anos do ensino b\u00e1sico e secund\u00e1rio.<br \/>\n<\/span><\/p>\n","protected":false},"excerpt":{"rendered":"<p>O Despacho que estabelece o calend\u00e1rio das matr\u00edculas e respetivas renova\u00e7\u00f5es para a educa\u00e7\u00e3o pr\u00e9-escolar e os ensinos b\u00e1sico e secund\u00e1rio, para o ano letivo de 2023-2024,\u00a0j\u00e1 est\u00e1 publicado em Di\u00e1rio da Rep\u00fablica. Despacho n.\u00ba 4506-A\/2023-Di\u00e1rio da Rep\u00fablica n.\u00ba 73\/2023, 1\u00ba Suplemento, S\u00e9rie II de&nbsp;<a href=\"https:\/\/aeal.edu.pt\/portal\/matriculas-para-o-ano-letivo-2023-2024\/\">&hellip;<\/a><\/p>\n","protected":false},"author":1,"featured_media":6528,"comment_status":"closed","ping_status":"open","sticky":false,"template":"","format":"standard","meta":{"footnotes":""},"categories":[12],"tags":[],"class_list":["post-6527","post","type-post","status-publish","format-standard","has-post-thumbnail","hentry","category-geral","odd"],"_links":{"self":[{"href":"https:\/\/aeal.edu.pt\/portal\/wp-json\/wp\/v2\/posts\/6527","targetHints":{"allow":["GET"]}}],"collection":[{"href":"https:\/\/aeal.edu.pt\/portal\/wp-json\/wp\/v2\/posts"}],"about":[{"href":"https:\/\/aeal.edu.pt\/portal\/wp-json\/wp\/v2\/types\/post"}],"author":[{"embeddable":true,"href":"https:\/\/aeal.edu.pt\/portal\/wp-json\/wp\/v2\/users\/1"}],"replies":[{"embeddable":true,"href":"https:\/\/aeal.edu.pt\/portal\/wp-json\/wp\/v2\/comments?post=6527"}],"version-history":[{"count":2,"href":"https:\/\/aeal.edu.pt\/portal\/wp-json\/wp\/v2\/posts\/6527\/revisions"}],"predecessor-version":[{"id":6631,"href":"https:\/\/aeal.edu.pt\/portal\/wp-json\/wp\/v2\/posts\/6527\/revisions\/6631"}],"wp:featuredmedia":[{"embeddable":true,"href":"https:\/\/aeal.edu.pt\/portal\/wp-json\/wp\/v2\/media\/6528"}],"wp:attachment":[{"href":"https:\/\/aeal.edu.pt\/portal\/wp-json\/wp\/v2\/media?parent=6527"}],"wp:term":[{"taxonomy":"category","embeddable":true,"href":"https:\/\/aeal.edu.pt\/portal\/wp-json\/wp\/v2\/categories?post=6527"},{"taxonomy":"post_tag","embeddable":true,"href":"https:\/\/aeal.edu.pt\/portal\/wp-json\/wp\/v2\/tags?post=6527"}],"curies":[{"name":"wp","href":"https:\/\/api.w.org\/{rel}","templated":true}]}}