{"id":6530,"date":"2023-04-17T12:19:27","date_gmt":"2023-04-17T11:19:27","guid":{"rendered":"http:\/\/aeal.edu.pt\/portal\/?p=6530"},"modified":"2023-04-17T12:19:27","modified_gmt":"2023-04-17T11:19:27","slug":"amato-passa-a-fase-regional-do-concurso-a-empresa-da-junior-archivement","status":"publish","type":"post","link":"https:\/\/aeal.edu.pt\/portal\/amato-passa-a-fase-regional-do-concurso-a-empresa-da-junior-archivement\/","title":{"rendered":"Amato passa \u00e0 fase regional do Concurso &#8211; A Empresa da J\u00fanior Archivement"},"content":{"rendered":"<div>A equipa LONEY &#8211; Francisco Soares, Gon\u00e7alo Rafael e Dinis Paulo ( Juntamente com um aluno da Nuno \u00c1lvares- Afonso Lourinho) e a equipa Marias &#8211; Maria Castro, Maria Carvalhinho e Leonor Louren\u00e7o ( Juntamente com uma aluna da Nuno \u00c1lvares- Carolina Boavida.<\/div>\n<div>A fase regional ter\u00e1 lugar em Coimbra, no dia 2 de maio.<\/div>\n","protected":false},"excerpt":{"rendered":"<p>A equipa LONEY &#8211; Francisco Soares, Gon\u00e7alo Rafael e Dinis Paulo ( Juntamente com um aluno da Nuno \u00c1lvares- Afonso Lourinho) e a equipa Marias &#8211; Maria Castro, Maria Carvalhinho e Leonor Louren\u00e7o ( Juntamente com uma aluna da Nuno \u00c1lvares- Carolina Boavida. A fase&nbsp;<a href=\"https:\/\/aeal.edu.pt\/portal\/amato-passa-a-fase-regional-do-concurso-a-empresa-da-junior-archivement\/\">&hellip;<\/a><\/p>\n","protected":false},"author":1,"featured_media":6531,"comment_status":"closed","ping_status":"open","sticky":false,"template":"","format":"standard","meta":{"footnotes":""},"categories":[12],"tags":[],"class_list":["post-6530","post","type-post","status-publish","format-standard","has-post-thumbnail","hentry","category-geral","odd"],"_links":{"self":[{"href":"https:\/\/aeal.edu.pt\/portal\/wp-json\/wp\/v2\/posts\/6530","targetHints":{"allow":["GET"]}}],"collection":[{"href":"https:\/\/aeal.edu.pt\/portal\/wp-json\/wp\/v2\/posts"}],"about":[{"href":"https:\/\/aeal.edu.pt\/portal\/wp-json\/wp\/v2\/types\/post"}],"author":[{"embeddable":true,"href":"https:\/\/aeal.edu.pt\/portal\/wp-json\/wp\/v2\/users\/1"}],"replies":[{"embeddable":true,"href":"https:\/\/aeal.edu.pt\/portal\/wp-json\/wp\/v2\/comments?post=6530"}],"version-history":[{"count":1,"href":"https:\/\/aeal.edu.pt\/portal\/wp-json\/wp\/v2\/posts\/6530\/revisions"}],"predecessor-version":[{"id":6532,"href":"https:\/\/aeal.edu.pt\/portal\/wp-json\/wp\/v2\/posts\/6530\/revisions\/6532"}],"wp:featuredmedia":[{"embeddable":true,"href":"https:\/\/aeal.edu.pt\/portal\/wp-json\/wp\/v2\/media\/6531"}],"wp:attachment":[{"href":"https:\/\/aeal.edu.pt\/portal\/wp-json\/wp\/v2\/media?parent=6530"}],"wp:term":[{"taxonomy":"category","embeddable":true,"href":"https:\/\/aeal.edu.pt\/portal\/wp-json\/wp\/v2\/categories?post=6530"},{"taxonomy":"post_tag","embeddable":true,"href":"https:\/\/aeal.edu.pt\/portal\/wp-json\/wp\/v2\/tags?post=6530"}],"curies":[{"name":"wp","href":"https:\/\/api.w.org\/{rel}","templated":true}]}}