{"id":6533,"date":"2023-04-21T15:42:52","date_gmt":"2023-04-21T14:42:52","guid":{"rendered":"http:\/\/aeal.edu.pt\/portal\/?p=6533"},"modified":"2023-04-21T15:49:22","modified_gmt":"2023-04-21T14:49:22","slug":"premio-de-merito-social-da-santa-casa-da-misericordia-de-castelo-branco","status":"publish","type":"post","link":"https:\/\/aeal.edu.pt\/portal\/premio-de-merito-social-da-santa-casa-da-misericordia-de-castelo-branco\/","title":{"rendered":"Pr\u00e9mio de M\u00e9rito Social da Santa Casa da Miseric\u00f3rdia de Castelo Branco"},"content":{"rendered":"<p>A Santa Casa da Miseric\u00f3rdia de Castelo Branco atribuiu o Pr\u00e9mio de M\u00e9rito Social \u00e0 Associa\u00e7\u00e3o de Estudantes do Agrupamento de Escolas Amato Lusitano, no valor de duzentos e cinquenta euros, pelas a\u00e7\u00f5es desenvolvidas no \u00e2mbito da cidadania e solidariedade no ano letivo 21\/22.<\/p>\n","protected":false},"excerpt":{"rendered":"<p>A Santa Casa da Miseric\u00f3rdia de Castelo Branco atribuiu o Pr\u00e9mio de M\u00e9rito Social \u00e0 Associa\u00e7\u00e3o de Estudantes do Agrupamento de Escolas Amato Lusitano, no valor de duzentos e cinquenta euros, pelas a\u00e7\u00f5es desenvolvidas no \u00e2mbito da cidadania e solidariedade no ano letivo 21\/22.<\/p>\n","protected":false},"author":1,"featured_media":6534,"comment_status":"closed","ping_status":"open","sticky":false,"template":"","format":"standard","meta":{"footnotes":""},"categories":[12],"tags":[],"class_list":["post-6533","post","type-post","status-publish","format-standard","has-post-thumbnail","hentry","category-geral","odd"],"_links":{"self":[{"href":"https:\/\/aeal.edu.pt\/portal\/wp-json\/wp\/v2\/posts\/6533","targetHints":{"allow":["GET"]}}],"collection":[{"href":"https:\/\/aeal.edu.pt\/portal\/wp-json\/wp\/v2\/posts"}],"about":[{"href":"https:\/\/aeal.edu.pt\/portal\/wp-json\/wp\/v2\/types\/post"}],"author":[{"embeddable":true,"href":"https:\/\/aeal.edu.pt\/portal\/wp-json\/wp\/v2\/users\/1"}],"replies":[{"embeddable":true,"href":"https:\/\/aeal.edu.pt\/portal\/wp-json\/wp\/v2\/comments?post=6533"}],"version-history":[{"count":3,"href":"https:\/\/aeal.edu.pt\/portal\/wp-json\/wp\/v2\/posts\/6533\/revisions"}],"predecessor-version":[{"id":6537,"href":"https:\/\/aeal.edu.pt\/portal\/wp-json\/wp\/v2\/posts\/6533\/revisions\/6537"}],"wp:featuredmedia":[{"embeddable":true,"href":"https:\/\/aeal.edu.pt\/portal\/wp-json\/wp\/v2\/media\/6534"}],"wp:attachment":[{"href":"https:\/\/aeal.edu.pt\/portal\/wp-json\/wp\/v2\/media?parent=6533"}],"wp:term":[{"taxonomy":"category","embeddable":true,"href":"https:\/\/aeal.edu.pt\/portal\/wp-json\/wp\/v2\/categories?post=6533"},{"taxonomy":"post_tag","embeddable":true,"href":"https:\/\/aeal.edu.pt\/portal\/wp-json\/wp\/v2\/tags?post=6533"}],"curies":[{"name":"wp","href":"https:\/\/api.w.org\/{rel}","templated":true}]}}