{"id":6556,"date":"2023-05-05T12:01:38","date_gmt":"2023-05-05T11:01:38","guid":{"rendered":"http:\/\/aeal.edu.pt\/portal\/?p=6556"},"modified":"2023-05-05T12:01:38","modified_gmt":"2023-05-05T11:01:38","slug":"alunos-da-amato-vencem-fase-regional-da-competicao-a-empresa","status":"publish","type":"post","link":"https:\/\/aeal.edu.pt\/portal\/alunos-da-amato-vencem-fase-regional-da-competicao-a-empresa\/","title":{"rendered":"Alunos da Amato vencem fase regional da competi\u00e7\u00e3o &#8220;A Empresa&#8221;"},"content":{"rendered":"<p>Equipa Loney, composta por 4 alunos de 11\u00b0 ano: Francisco Soares, Dinis Paulo, Gon\u00e7alo Rafael e Afonso Lourinho, foi vencedora da fase regional da competi\u00e7\u00e3o &#8220;A Empresa&#8221;, um concurso que visa reconhecer e desenvolver projetos empreendedores, promovida pela JAP (Junior Achievement Portugal), sendo apurada para a XVI competi\u00e7\u00e3o nacional A Empresa.<\/p>\n","protected":false},"excerpt":{"rendered":"<p>Equipa Loney, composta por 4 alunos de 11\u00b0 ano: Francisco Soares, Dinis Paulo, Gon\u00e7alo Rafael e Afonso Lourinho, foi vencedora da fase regional da competi\u00e7\u00e3o &#8220;A Empresa&#8221;, um concurso que visa reconhecer e desenvolver projetos empreendedores, promovida pela JAP (Junior Achievement Portugal), sendo apurada para&nbsp;<a href=\"https:\/\/aeal.edu.pt\/portal\/alunos-da-amato-vencem-fase-regional-da-competicao-a-empresa\/\">&hellip;<\/a><\/p>\n","protected":false},"author":1,"featured_media":6557,"comment_status":"closed","ping_status":"open","sticky":false,"template":"","format":"standard","meta":{"footnotes":""},"categories":[12],"tags":[],"class_list":["post-6556","post","type-post","status-publish","format-standard","has-post-thumbnail","hentry","category-geral","odd"],"_links":{"self":[{"href":"https:\/\/aeal.edu.pt\/portal\/wp-json\/wp\/v2\/posts\/6556","targetHints":{"allow":["GET"]}}],"collection":[{"href":"https:\/\/aeal.edu.pt\/portal\/wp-json\/wp\/v2\/posts"}],"about":[{"href":"https:\/\/aeal.edu.pt\/portal\/wp-json\/wp\/v2\/types\/post"}],"author":[{"embeddable":true,"href":"https:\/\/aeal.edu.pt\/portal\/wp-json\/wp\/v2\/users\/1"}],"replies":[{"embeddable":true,"href":"https:\/\/aeal.edu.pt\/portal\/wp-json\/wp\/v2\/comments?post=6556"}],"version-history":[{"count":1,"href":"https:\/\/aeal.edu.pt\/portal\/wp-json\/wp\/v2\/posts\/6556\/revisions"}],"predecessor-version":[{"id":6558,"href":"https:\/\/aeal.edu.pt\/portal\/wp-json\/wp\/v2\/posts\/6556\/revisions\/6558"}],"wp:featuredmedia":[{"embeddable":true,"href":"https:\/\/aeal.edu.pt\/portal\/wp-json\/wp\/v2\/media\/6557"}],"wp:attachment":[{"href":"https:\/\/aeal.edu.pt\/portal\/wp-json\/wp\/v2\/media?parent=6556"}],"wp:term":[{"taxonomy":"category","embeddable":true,"href":"https:\/\/aeal.edu.pt\/portal\/wp-json\/wp\/v2\/categories?post=6556"},{"taxonomy":"post_tag","embeddable":true,"href":"https:\/\/aeal.edu.pt\/portal\/wp-json\/wp\/v2\/tags?post=6556"}],"curies":[{"name":"wp","href":"https:\/\/api.w.org\/{rel}","templated":true}]}}