{"id":6633,"date":"2023-06-29T11:50:55","date_gmt":"2023-06-29T10:50:55","guid":{"rendered":"http:\/\/aeal.edu.pt\/portal\/?p=6633"},"modified":"2023-06-29T12:06:05","modified_gmt":"2023-06-29T11:06:05","slug":"renovacoes-de-matricula-transferencias-do-2o-ao-12o-anos","status":"publish","type":"post","link":"https:\/\/aeal.edu.pt\/portal\/renovacoes-de-matricula-transferencias-do-2o-ao-12o-anos\/","title":{"rendered":"Renova\u00e7\u00f5es de matr\u00edcula \/ transfer\u00eancias do 2\u00ba ao 12\u00ba anos"},"content":{"rendered":"<p>Informa\u00e7\u00e3o sobre renova\u00e7\u00f5es de matr\u00edcula \/ transfer\u00eancias\u00a0nos diferentes n\u00edveis de ensino (do 2\u00ba ao 12\u00ba anos) &#8211; 2023\/24,\u00a0<a href=\"http:\/\/aeal.edu.pt\/portal\/download\/renovacoes-de-matricula-transferencias-do-2o-ao-12o-anos\/\">aqui<\/a>.<\/p>\n","protected":false},"excerpt":{"rendered":"<p>Informa\u00e7\u00e3o sobre renova\u00e7\u00f5es de matr\u00edcula \/ transfer\u00eancias\u00a0nos diferentes n\u00edveis de ensino (do 2\u00ba ao 12\u00ba anos) &#8211; 2023\/24,\u00a0aqui.<\/p>\n","protected":false},"author":1,"featured_media":6641,"comment_status":"closed","ping_status":"open","sticky":false,"template":"","format":"standard","meta":{"footnotes":""},"categories":[1],"tags":[],"class_list":["post-6633","post","type-post","status-publish","format-standard","has-post-thumbnail","hentry","category-desporto-escolar","odd"],"_links":{"self":[{"href":"https:\/\/aeal.edu.pt\/portal\/wp-json\/wp\/v2\/posts\/6633","targetHints":{"allow":["GET"]}}],"collection":[{"href":"https:\/\/aeal.edu.pt\/portal\/wp-json\/wp\/v2\/posts"}],"about":[{"href":"https:\/\/aeal.edu.pt\/portal\/wp-json\/wp\/v2\/types\/post"}],"author":[{"embeddable":true,"href":"https:\/\/aeal.edu.pt\/portal\/wp-json\/wp\/v2\/users\/1"}],"replies":[{"embeddable":true,"href":"https:\/\/aeal.edu.pt\/portal\/wp-json\/wp\/v2\/comments?post=6633"}],"version-history":[{"count":1,"href":"https:\/\/aeal.edu.pt\/portal\/wp-json\/wp\/v2\/posts\/6633\/revisions"}],"predecessor-version":[{"id":6635,"href":"https:\/\/aeal.edu.pt\/portal\/wp-json\/wp\/v2\/posts\/6633\/revisions\/6635"}],"wp:featuredmedia":[{"embeddable":true,"href":"https:\/\/aeal.edu.pt\/portal\/wp-json\/wp\/v2\/media\/6641"}],"wp:attachment":[{"href":"https:\/\/aeal.edu.pt\/portal\/wp-json\/wp\/v2\/media?parent=6633"}],"wp:term":[{"taxonomy":"category","embeddable":true,"href":"https:\/\/aeal.edu.pt\/portal\/wp-json\/wp\/v2\/categories?post=6633"},{"taxonomy":"post_tag","embeddable":true,"href":"https:\/\/aeal.edu.pt\/portal\/wp-json\/wp\/v2\/tags?post=6633"}],"curies":[{"name":"wp","href":"https:\/\/api.w.org\/{rel}","templated":true}]}}