{"id":7113,"date":"2024-03-27T11:44:03","date_gmt":"2024-03-27T11:44:03","guid":{"rendered":"https:\/\/aeal.edu.pt\/portal\/?p=7113"},"modified":"2024-03-27T11:45:08","modified_gmt":"2024-03-27T11:45:08","slug":"concurso-de-leitura-concelhio-1o-lugar-ensino-secundario","status":"publish","type":"post","link":"https:\/\/aeal.edu.pt\/portal\/concurso-de-leitura-concelhio-1o-lugar-ensino-secundario\/","title":{"rendered":"Concurso de leitura concelhio &#8211; 1\u00ba lugar &#8211; ensino secund\u00e1rio"},"content":{"rendered":"<p>20 de mar\u00e7o foi o dia da final do Concurso de Leitura Concelhio, uma iniciativa conjunta das Bibliotecas Escolares e Biblioteca Municipal.<br \/>\nTodos os participantes est\u00e3o de parab\u00e9ns pelo excelente desempenho, mas n\u00e3o pod\u00edamos deixar de congratular em particular os alunos do 11\u00ba CT2, Miguel Azeiteiro, que conquistou o primeiro lugar no escal\u00e3o do ensino secund\u00e1rio, e In\u00eas Mendes, uma dos seis finalistas apuradas na prova escrita para realizar a prova oral.<br \/>\nO evento contou com a anima\u00e7\u00e3o de Fernando Guerreiro que cativou todos os participantes com os seus MicroContos.<\/p>\n<p><img fetchpriority=\"high\" decoding=\"async\" class=\"wp-image-7117 aligncenter\" src=\"http:\/\/aeal.edu.pt\/portal\/wp-content\/uploads\/2024\/03\/Miguel-300x226.jpg\" alt=\"\" width=\"380\" height=\"286\" srcset=\"https:\/\/aeal.edu.pt\/portal\/wp-content\/uploads\/2024\/03\/Miguel-300x226.jpg 300w, https:\/\/aeal.edu.pt\/portal\/wp-content\/uploads\/2024\/03\/Miguel.jpg 738w, https:\/\/aeal.edu.pt\/portal\/wp-content\/uploads\/2024\/03\/Miguel-150x113.jpg 150w\" sizes=\"(max-width: 380px) 100vw, 380px\" \/><\/p>\n<p><img decoding=\"async\" class=\"wp-image-7116 aligncenter\" src=\"http:\/\/aeal.edu.pt\/portal\/wp-content\/uploads\/2024\/03\/Ines-300x210.jpg\" alt=\"\" width=\"390\" height=\"273\" srcset=\"https:\/\/aeal.edu.pt\/portal\/wp-content\/uploads\/2024\/03\/Ines-300x210.jpg 300w, https:\/\/aeal.edu.pt\/portal\/wp-content\/uploads\/2024\/03\/Ines-1024x716.jpg 1024w, https:\/\/aeal.edu.pt\/portal\/wp-content\/uploads\/2024\/03\/Ines.jpg 1317w\" sizes=\"(max-width: 390px) 100vw, 390px\" \/><\/p>\n<p><img decoding=\"async\" class=\" wp-image-7115 aligncenter\" src=\"http:\/\/aeal.edu.pt\/portal\/wp-content\/uploads\/2024\/03\/IMG-20240320-WA0198-300x201.jpg\" alt=\"\" width=\"376\" height=\"252\" srcset=\"https:\/\/aeal.edu.pt\/portal\/wp-content\/uploads\/2024\/03\/IMG-20240320-WA0198-300x201.jpg 300w, https:\/\/aeal.edu.pt\/portal\/wp-content\/uploads\/2024\/03\/IMG-20240320-WA0198-1024x687.jpg 1024w, https:\/\/aeal.edu.pt\/portal\/wp-content\/uploads\/2024\/03\/IMG-20240320-WA0198.jpg 1600w\" sizes=\"(max-width: 376px) 100vw, 376px\" \/><\/p>\n<p><img loading=\"lazy\" decoding=\"async\" class=\"wp-image-7114 aligncenter\" src=\"http:\/\/aeal.edu.pt\/portal\/wp-content\/uploads\/2024\/03\/IMG-20240320-WA0187-300x135.jpg\" alt=\"\" width=\"393\" height=\"177\" srcset=\"https:\/\/aeal.edu.pt\/portal\/wp-content\/uploads\/2024\/03\/IMG-20240320-WA0187-300x135.jpg 300w, https:\/\/aeal.edu.pt\/portal\/wp-content\/uploads\/2024\/03\/IMG-20240320-WA0187-1024x461.jpg 1024w, https:\/\/aeal.edu.pt\/portal\/wp-content\/uploads\/2024\/03\/IMG-20240320-WA0187.jpg 2048w\" sizes=\"(max-width: 393px) 100vw, 393px\" \/><\/p>\n","protected":false},"excerpt":{"rendered":"<p>20 de mar\u00e7o foi o dia da final do Concurso de Leitura Concelhio, uma iniciativa conjunta das Bibliotecas Escolares e Biblioteca Municipal. Todos os participantes est\u00e3o de parab\u00e9ns pelo excelente desempenho, mas n\u00e3o pod\u00edamos deixar de congratular em particular os alunos do 11\u00ba CT2, Miguel&nbsp;<a href=\"https:\/\/aeal.edu.pt\/portal\/concurso-de-leitura-concelhio-1o-lugar-ensino-secundario\/\">&hellip;<\/a><\/p>\n","protected":false},"author":3,"featured_media":7118,"comment_status":"closed","ping_status":"open","sticky":false,"template":"","format":"standard","meta":{"footnotes":""},"categories":[1],"tags":[],"class_list":["post-7113","post","type-post","status-publish","format-standard","has-post-thumbnail","hentry","category-desporto-escolar","odd"],"_links":{"self":[{"href":"https:\/\/aeal.edu.pt\/portal\/wp-json\/wp\/v2\/posts\/7113","targetHints":{"allow":["GET"]}}],"collection":[{"href":"https:\/\/aeal.edu.pt\/portal\/wp-json\/wp\/v2\/posts"}],"about":[{"href":"https:\/\/aeal.edu.pt\/portal\/wp-json\/wp\/v2\/types\/post"}],"author":[{"embeddable":true,"href":"https:\/\/aeal.edu.pt\/portal\/wp-json\/wp\/v2\/users\/3"}],"replies":[{"embeddable":true,"href":"https:\/\/aeal.edu.pt\/portal\/wp-json\/wp\/v2\/comments?post=7113"}],"version-history":[{"count":2,"href":"https:\/\/aeal.edu.pt\/portal\/wp-json\/wp\/v2\/posts\/7113\/revisions"}],"predecessor-version":[{"id":7120,"href":"https:\/\/aeal.edu.pt\/portal\/wp-json\/wp\/v2\/posts\/7113\/revisions\/7120"}],"wp:featuredmedia":[{"embeddable":true,"href":"https:\/\/aeal.edu.pt\/portal\/wp-json\/wp\/v2\/media\/7118"}],"wp:attachment":[{"href":"https:\/\/aeal.edu.pt\/portal\/wp-json\/wp\/v2\/media?parent=7113"}],"wp:term":[{"taxonomy":"category","embeddable":true,"href":"https:\/\/aeal.edu.pt\/portal\/wp-json\/wp\/v2\/categories?post=7113"},{"taxonomy":"post_tag","embeddable":true,"href":"https:\/\/aeal.edu.pt\/portal\/wp-json\/wp\/v2\/tags?post=7113"}],"curies":[{"name":"wp","href":"https:\/\/api.w.org\/{rel}","templated":true}]}}