{"id":7129,"date":"2024-04-16T16:05:20","date_gmt":"2024-04-16T15:05:20","guid":{"rendered":"https:\/\/aeal.edu.pt\/portal\/?p=7129"},"modified":"2024-04-16T16:05:20","modified_gmt":"2024-04-16T15:05:20","slug":"as-matriculas-escolares-para-o-ano-letivo-2024-2025-comecam-a-15-de-abril","status":"publish","type":"post","link":"https:\/\/aeal.edu.pt\/portal\/as-matriculas-escolares-para-o-ano-letivo-2024-2025-comecam-a-15-de-abril\/","title":{"rendered":"As matr\u00edculas escolares para o ano letivo 2024\/2025 come\u00e7am a 15 de abril"},"content":{"rendered":"<p>O calend\u00e1rio das matr\u00edculas escolares para o ano letivo 2024\/2025 j\u00e1 foi divulgado pelo Minist\u00e9rio da Educa\u00e7\u00e3o. A primeira fase come\u00e7a a 15 de abril, com as matr\u00edculas para o ensino pr\u00e9-escolar e 1.\u00ba ano do ensino b\u00e1sico.<br \/>\nAs datas para as matr\u00edculas escolares no ano letivo 2024\/2025 s\u00e3o as seguintes:<\/p>\n<ul>\n<li>pr\u00e9-escolar e 1.\u00ba ano do ensino b\u00e1sico: 15 de abril at\u00e9 15 de maio<\/li>\n<li>2.\u00ba, 3.\u00ba, 4.\u00ba, 5.\u00ba anos do ensino b\u00e1sico: 6 de julho a 12 de julho<\/li>\n<li>6.\u00ba, 7.\u00ba, 8.\u00ba, 9.\u00ba e 11.\u00ba anos de escolaridade: 22 de junho at\u00e9 2 de julho<\/li>\n<li>10.\u00ba e 12.\u00ba anos de escolaridade: 15 de julho a 20 de julho.<\/li>\n<\/ul>\n<p>A renova\u00e7\u00e3o autom\u00e1tica aplica-se aos 2.\u00ba, 3.\u00ba, 4.\u00ba, 6.\u00ba, 8.\u00ba, 9.\u00ba e 11.\u00ba anos de escolaridade quando:<\/p>\n<ul>\n<li>n\u00e3o h\u00e1 transfer\u00eancia de escola<\/li>\n<li>n\u00e3o \u00e9 alterado o encarregado de educa\u00e7\u00e3o<\/li>\n<li>n\u00e3o \u00e9 alterado o curso<\/li>\n<li>n\u00e3o h\u00e1 necessidade de escolher disciplinas.<\/li>\n<\/ul>\n<p>&nbsp;<\/p>\n<p><strong>Fonte:<\/strong>\u00a0<a href=\"https:\/\/portaldasmatriculas.edu.gov.pt\/pmat\/#\/portal\/home\" target=\"_blank\" rel=\"noopener\">Portal das Matr\u00edculas<\/a><\/p>\n","protected":false},"excerpt":{"rendered":"<p>O calend\u00e1rio das matr\u00edculas escolares para o ano letivo 2024\/2025 j\u00e1 foi divulgado pelo Minist\u00e9rio da Educa\u00e7\u00e3o. A primeira fase come\u00e7a a 15 de abril, com as matr\u00edculas para o ensino pr\u00e9-escolar e 1.\u00ba ano do ensino b\u00e1sico. As datas para as matr\u00edculas escolares no&nbsp;<a href=\"https:\/\/aeal.edu.pt\/portal\/as-matriculas-escolares-para-o-ano-letivo-2024-2025-comecam-a-15-de-abril\/\">&hellip;<\/a><\/p>\n","protected":false},"author":1,"featured_media":7130,"comment_status":"closed","ping_status":"open","sticky":false,"template":"","format":"standard","meta":{"footnotes":""},"categories":[1],"tags":[],"class_list":["post-7129","post","type-post","status-publish","format-standard","has-post-thumbnail","hentry","category-desporto-escolar","odd"],"_links":{"self":[{"href":"https:\/\/aeal.edu.pt\/portal\/wp-json\/wp\/v2\/posts\/7129","targetHints":{"allow":["GET"]}}],"collection":[{"href":"https:\/\/aeal.edu.pt\/portal\/wp-json\/wp\/v2\/posts"}],"about":[{"href":"https:\/\/aeal.edu.pt\/portal\/wp-json\/wp\/v2\/types\/post"}],"author":[{"embeddable":true,"href":"https:\/\/aeal.edu.pt\/portal\/wp-json\/wp\/v2\/users\/1"}],"replies":[{"embeddable":true,"href":"https:\/\/aeal.edu.pt\/portal\/wp-json\/wp\/v2\/comments?post=7129"}],"version-history":[{"count":1,"href":"https:\/\/aeal.edu.pt\/portal\/wp-json\/wp\/v2\/posts\/7129\/revisions"}],"predecessor-version":[{"id":7131,"href":"https:\/\/aeal.edu.pt\/portal\/wp-json\/wp\/v2\/posts\/7129\/revisions\/7131"}],"wp:featuredmedia":[{"embeddable":true,"href":"https:\/\/aeal.edu.pt\/portal\/wp-json\/wp\/v2\/media\/7130"}],"wp:attachment":[{"href":"https:\/\/aeal.edu.pt\/portal\/wp-json\/wp\/v2\/media?parent=7129"}],"wp:term":[{"taxonomy":"category","embeddable":true,"href":"https:\/\/aeal.edu.pt\/portal\/wp-json\/wp\/v2\/categories?post=7129"},{"taxonomy":"post_tag","embeddable":true,"href":"https:\/\/aeal.edu.pt\/portal\/wp-json\/wp\/v2\/tags?post=7129"}],"curies":[{"name":"wp","href":"https:\/\/api.w.org\/{rel}","templated":true}]}}