{"id":7353,"date":"2024-06-21T16:26:37","date_gmt":"2024-06-21T15:26:37","guid":{"rendered":"http:\/\/aeal.edu.pt\/portal\/?p=7353"},"modified":"2024-06-21T16:26:37","modified_gmt":"2024-06-21T15:26:37","slug":"devolucao-dos-kits-tecnologicos-2023-2024","status":"publish","type":"post","link":"https:\/\/aeal.edu.pt\/portal\/devolucao-dos-kits-tecnologicos-2023-2024\/","title":{"rendered":"Devolu\u00e7\u00e3o dos kits tecnol\u00f3gicos 2023-2024"},"content":{"rendered":"<p><img fetchpriority=\"high\" decoding=\"async\" class=\"aligncenter wp-image-7356 size-full\" src=\"http:\/\/aeal.edu.pt\/portal\/wp-content\/uploads\/2024\/06\/escoladigitalbanner.jpg\" alt=\"\" width=\"636\" height=\"96\" srcset=\"https:\/\/aeal.edu.pt\/portal\/wp-content\/uploads\/2024\/06\/escoladigitalbanner.jpg 636w, https:\/\/aeal.edu.pt\/portal\/wp-content\/uploads\/2024\/06\/escoladigitalbanner-300x45.jpg 300w\" sizes=\"(max-width: 636px) 100vw, 636px\" \/><\/p>\n<p style=\"text-align: center;\"><strong>Devolu\u00e7\u00e3o dos kits tecnol\u00f3gicos 2023-2024<\/strong><\/p>\n<p><strong>\u00a0<\/strong><\/p>\n<p>&nbsp;<\/p>\n<ol>\n<li>Alunos que concluem o 4.\u00ba ano de escolaridade (Computadores tipo I)<\/li>\n<li>Alunos que concluem o 9.\u00ba ano de escolaridade (Computadores tipo II)<\/li>\n<li>Alunos que concluem o 12.\u00ba ano de escolaridade (Computadores tipo III)<\/li>\n<li>Alunos que n\u00e3o continuar\u00e3o matriculados neste agrupamento de escolas<\/li>\n<\/ol>\n<p><strong>\u00a0<\/strong><\/p>\n<p><strong>Prazos<\/strong><\/p>\n<p><strong>\u00a0<\/strong><\/p>\n<p>&#8211; 4\u00ba ano \u2013 at\u00e9 5 de julho<\/p>\n<p>&#8211; 9\u00ba ano \u2013 at\u00e9 30 de junho<\/p>\n<p>&#8211; 12\u00ba ano CCH \u2013 at\u00e9 17 de julho<\/p>\n<p>&#8211; 12\u00ba ano Cursos profissionais \u2013 uma semana ap\u00f3s o t\u00e9rmino das PAP<\/p>\n<p><strong>\u00a0<\/strong><\/p>\n<p><strong>Hor\u00e1rio do gabinete<\/strong><\/p>\n<p><strong>\u00a0<\/strong><\/p>\n<p>De segunda a quinta-feira \u2013 08h:30 \u00e0s 13h:00 *<\/p>\n<p>Sexta-feira \u2013 10h:00 \u00e0s 13:00h*<\/p>\n<p>&nbsp;<\/p>\n<p><em>* No caso de impossibilidade da entrega no hor\u00e1rio acima, o Encarregado de Educa\u00e7\u00e3o ou o aluno maior de idade dever\u00e1 ligar para o gabinete para agendar a devolu\u00e7\u00e3o do Kit numa outra hora.\u00a0\u00a0<\/em><\/p>\n<p><strong>\u00a0<\/strong><\/p>\n<p><strong>Material a devolver <\/strong><\/p>\n<p><strong>\u00a0<\/strong><\/p>\n<p>&#8211; Mochila<\/p>\n<p>&#8211; PC e respetivo carregador<\/p>\n<p>&#8211; Hotspot e cabo de liga\u00e7\u00e3o USB (n\u00e3o aplic\u00e1vel para os PC tipo II \u2013 9\u00baano)<\/p>\n<p>&#8211; Cart\u00e3o SIM e destac\u00e1vel (PIN e PUK)<\/p>\n<p>&#8211; Auscultadores (se aplic\u00e1vel)<\/p>\n<p>&nbsp;<\/p>\n<ul>\n<li>Os kits inform\u00e1ticos devem ser devolvidos nas condi\u00e7\u00f5es que resultam de um uso respons\u00e1vel e prudente.<\/li>\n<li>Deve efetuar-se uma higieniza\u00e7\u00e3o pr\u00e9via dos equipamentos, cumprindo os cuidados de limpeza apropriados ao tipo de equipamento (o ecr\u00e3 s\u00f3 pode ser limpo com produtos adequados)<\/li>\n<li>O equipamento inform\u00e1tico deve ser entregue limpo de ficheiros pessoais.<\/li>\n<li>Se os auscultadores estiverem danificados, n\u00e3o h\u00e1 necessidade de substitui\u00e7\u00e3o e n\u00e3o h\u00e1 custos associados.<\/li>\n<li>Se a mochila estiver estragada, o EE tem de substituir por uma nova (de prefer\u00eancia preta).<\/li>\n<li>Se os computadores apresentarem danos f\u00edsicos (como, por exemplo, o ecr\u00e3 partido) o Encarregado de Educa\u00e7\u00e3o ter\u00e1 de custear a repara\u00e7\u00e3o do equipamento.<\/li>\n<\/ul>\n<p><strong>Em caso de extravio do hotspot, o EE ter\u00e1 de adquirir um novo e entregar juntamente a respetiva fatura a fim de este poder ser inclu\u00eddo na plataforma.<\/strong><\/p>\n<p style=\"text-align: center;\"><a href=\"http:\/\/aeal.edu.pt\/portal\/wp-content\/uploads\/2024\/06\/Repor-o-PC-a-partir-das-Definicoes-do-Windows-10.pdf\">Como repor o PC a partir das Defini\u00e7\u00f5es do Windows 10<\/a><\/p>\n","protected":false},"excerpt":{"rendered":"<p>Devolu\u00e7\u00e3o dos kits tecnol\u00f3gicos 2023-2024 \u00a0 &nbsp; Alunos que concluem o 4.\u00ba ano de escolaridade (Computadores tipo I) Alunos que concluem o 9.\u00ba ano de escolaridade (Computadores tipo II) Alunos que concluem o 12.\u00ba ano de escolaridade (Computadores tipo III) Alunos que n\u00e3o continuar\u00e3o matriculados&nbsp;<a href=\"https:\/\/aeal.edu.pt\/portal\/devolucao-dos-kits-tecnologicos-2023-2024\/\">&hellip;<\/a><\/p>\n","protected":false},"author":1,"featured_media":7355,"comment_status":"closed","ping_status":"open","sticky":false,"template":"","format":"standard","meta":{"footnotes":""},"categories":[1],"tags":[],"class_list":["post-7353","post","type-post","status-publish","format-standard","has-post-thumbnail","hentry","category-desporto-escolar","odd"],"_links":{"self":[{"href":"https:\/\/aeal.edu.pt\/portal\/wp-json\/wp\/v2\/posts\/7353","targetHints":{"allow":["GET"]}}],"collection":[{"href":"https:\/\/aeal.edu.pt\/portal\/wp-json\/wp\/v2\/posts"}],"about":[{"href":"https:\/\/aeal.edu.pt\/portal\/wp-json\/wp\/v2\/types\/post"}],"author":[{"embeddable":true,"href":"https:\/\/aeal.edu.pt\/portal\/wp-json\/wp\/v2\/users\/1"}],"replies":[{"embeddable":true,"href":"https:\/\/aeal.edu.pt\/portal\/wp-json\/wp\/v2\/comments?post=7353"}],"version-history":[{"count":1,"href":"https:\/\/aeal.edu.pt\/portal\/wp-json\/wp\/v2\/posts\/7353\/revisions"}],"predecessor-version":[{"id":7357,"href":"https:\/\/aeal.edu.pt\/portal\/wp-json\/wp\/v2\/posts\/7353\/revisions\/7357"}],"wp:featuredmedia":[{"embeddable":true,"href":"https:\/\/aeal.edu.pt\/portal\/wp-json\/wp\/v2\/media\/7355"}],"wp:attachment":[{"href":"https:\/\/aeal.edu.pt\/portal\/wp-json\/wp\/v2\/media?parent=7353"}],"wp:term":[{"taxonomy":"category","embeddable":true,"href":"https:\/\/aeal.edu.pt\/portal\/wp-json\/wp\/v2\/categories?post=7353"},{"taxonomy":"post_tag","embeddable":true,"href":"https:\/\/aeal.edu.pt\/portal\/wp-json\/wp\/v2\/tags?post=7353"}],"curies":[{"name":"wp","href":"https:\/\/api.w.org\/{rel}","templated":true}]}}