{"id":7561,"date":"2024-11-04T17:32:49","date_gmt":"2024-11-04T17:32:49","guid":{"rendered":"http:\/\/aeal.edu.pt\/portal\/?p=7561"},"modified":"2024-11-06T10:04:38","modified_gmt":"2024-11-06T10:04:38","slug":"exercicio-publico-de-sensibilizacao-para-o-risco-sismico-a-terra-treme","status":"publish","type":"post","link":"https:\/\/aeal.edu.pt\/portal\/exercicio-publico-de-sensibilizacao-para-o-risco-sismico-a-terra-treme\/","title":{"rendered":"Exerc\u00edcio P\u00fablico de Sensibiliza\u00e7\u00e3o para o Risco S\u00edsmico A TERRA TREME"},"content":{"rendered":"<p>Esta iniciativa procura alertar e sensibilizar a popula\u00e7\u00e3o para o risco s\u00edsmico e para a import\u00e2ncia de comportamentos simples que os cidad\u00e3os devem adotar em caso de sismo, mas que podem salvar vidas. Tem a dura\u00e7\u00e3o de apenas 1 minuto, durante o qual os participantes s\u00e3o convidados a executar os 3 gestos que salvam: BAIXAR, PROTEGER E AGUARDAR. Todos podem e devem participar, individualmente ou em grupo, em qualquer local onde se encontrem.<\/p>\n<p>Muitas zonas do globo s\u00e3o propensas a sismos e Portugal \u00e9 um territ\u00f3rio com zonas particularmente \u00a0sens\u00edveis a este risco. Podemos estar em qualquer lado quando come\u00e7ar um sismo, mas estaremos \u00a0preparados para enfrentar uma situa\u00e7\u00e3o deste tipo e recuperar dela rapidamente? Assim,\u00a0<strong>no dia 5 de novembro, \u00e0s 11h15,\u00a0<\/strong>ap\u00f3s o toque da campainha, o Agrupamento ir\u00e1 associar-se a esta iniciativa, executando,\u00a0<strong>durante 1 minuto, os 3 gestos que salvam<\/strong>:<\/p>\n<p>\u2219\u00a0<strong>BAIXAR \u2013\u00a0<\/strong>baixe-se sobre os joelhos: esta posi\u00e7\u00e3o evita que possa cair durante o sismo, mas\u00a0 permite mover-se;<\/p>\n<p>\u2219\u00a0<strong>PROTEGER \u2013\u00a0<\/strong>proteja a cabe\u00e7a e o pesco\u00e7o com os bra\u00e7os e as m\u00e3os e procure abrigar-se; coloque-se, se poss\u00edvel, sob uma mesa resistente e segure-se firmemente;<\/p>\n<p>\u2219\u00a0<strong>AGUARDAR \u2013\u00a0<\/strong>aguarde at\u00e9 a terra parar de tremer.<\/p>\n<p>Salvaguarda-se a realiza\u00e7\u00e3o da atividade em diversos locais, de modo que, se poder\u00e1 abrigar no v\u00e3o de uma porta interior ou nos cantos das salas, mantendo-se afastado de janelas, espelhos e outros objetos que lhe possam cair em cima.<\/p>\n<p>Nas aulas de Cidadania, dever\u00e3o ser divulgados e\/ou relembrados os procedimentos a adotar\u00a0<strong><u>antes,\u00a0<\/u><\/strong><strong>\u00a0<u>durante e depois\u00a0<\/u><\/strong>de um sismo e explorados os recursos dispon\u00edveis no site \u00a0<strong><u>https:\/\/www.aterratreme.pt\/<\/u><\/strong>.<\/p>\n<p>Esta atividade tem ainda como objetivo desenvolver e refor\u00e7ar uma cultura de seguran\u00e7a, \u00a0promovendo uma cidadania ativa e participativa nas crian\u00e7as e jovens dos v\u00e1rios n\u00edveis de ensino.<\/p>\n<p>Divulgue esta iniciativa junto da sua fam\u00edlia e dos seus amigos.\u00a0<strong>TODOS SOMOS PROTE\u00c7\u00c3O CIVIL<\/strong>!<\/p>\n<p><img fetchpriority=\"high\" decoding=\"async\" class=\"alignnone size-medium wp-image-7572\" src=\"http:\/\/aeal.edu.pt\/portal\/wp-content\/uploads\/2024\/11\/20241105_110544-1-scaled-225x300.jpg\" alt=\"\" width=\"225\" height=\"300\" srcset=\"https:\/\/aeal.edu.pt\/portal\/wp-content\/uploads\/2024\/11\/20241105_110544-1-scaled-225x300.jpg 225w, https:\/\/aeal.edu.pt\/portal\/wp-content\/uploads\/2024\/11\/20241105_110544-1-scaled-768x1024.jpg 768w, https:\/\/aeal.edu.pt\/portal\/wp-content\/uploads\/2024\/11\/20241105_110544-1-scaled.jpg 1920w\" sizes=\"(max-width: 225px) 100vw, 225px\" \/> <img decoding=\"async\" class=\"alignnone size-medium wp-image-7571\" src=\"http:\/\/aeal.edu.pt\/portal\/wp-content\/uploads\/2024\/11\/20241105_110557-scaled-300x140.jpg\" alt=\"\" width=\"300\" height=\"140\" srcset=\"https:\/\/aeal.edu.pt\/portal\/wp-content\/uploads\/2024\/11\/20241105_110557-scaled-300x140.jpg 300w, https:\/\/aeal.edu.pt\/portal\/wp-content\/uploads\/2024\/11\/20241105_110557-scaled-1024x478.jpg 1024w\" sizes=\"(max-width: 300px) 100vw, 300px\" \/> <img decoding=\"async\" class=\"alignnone size-medium wp-image-7570\" src=\"http:\/\/aeal.edu.pt\/portal\/wp-content\/uploads\/2024\/11\/IMG_9423-scaled-300x225.jpg\" alt=\"\" width=\"300\" height=\"225\" srcset=\"https:\/\/aeal.edu.pt\/portal\/wp-content\/uploads\/2024\/11\/IMG_9423-scaled-300x225.jpg 300w, https:\/\/aeal.edu.pt\/portal\/wp-content\/uploads\/2024\/11\/IMG_9423-scaled-1024x768.jpg 1024w\" sizes=\"(max-width: 300px) 100vw, 300px\" \/> <img loading=\"lazy\" decoding=\"async\" class=\"alignnone size-medium wp-image-7569\" src=\"http:\/\/aeal.edu.pt\/portal\/wp-content\/uploads\/2024\/11\/IMG_20241105_110539-scaled-300x300.jpg\" alt=\"\" width=\"300\" height=\"300\" srcset=\"https:\/\/aeal.edu.pt\/portal\/wp-content\/uploads\/2024\/11\/IMG_20241105_110539-scaled-300x300.jpg 300w, https:\/\/aeal.edu.pt\/portal\/wp-content\/uploads\/2024\/11\/IMG_20241105_110539-scaled-150x150.jpg 150w, https:\/\/aeal.edu.pt\/portal\/wp-content\/uploads\/2024\/11\/IMG_20241105_110539-scaled-1024x1024.jpg 1024w\" sizes=\"(max-width: 300px) 100vw, 300px\" \/> <img loading=\"lazy\" decoding=\"async\" class=\"alignnone size-medium wp-image-7568\" src=\"http:\/\/aeal.edu.pt\/portal\/wp-content\/uploads\/2024\/11\/20241105_110759-scaled-135x300.jpg\" alt=\"\" width=\"135\" height=\"300\" srcset=\"https:\/\/aeal.edu.pt\/portal\/wp-content\/uploads\/2024\/11\/20241105_110759-scaled-135x300.jpg 135w, https:\/\/aeal.edu.pt\/portal\/wp-content\/uploads\/2024\/11\/20241105_110759-scaled-461x1024.jpg 461w, https:\/\/aeal.edu.pt\/portal\/wp-content\/uploads\/2024\/11\/20241105_110759-scaled.jpg 1152w\" sizes=\"(max-width: 135px) 100vw, 135px\" \/> <img loading=\"lazy\" decoding=\"async\" class=\"alignnone size-medium wp-image-7567\" src=\"http:\/\/aeal.edu.pt\/portal\/wp-content\/uploads\/2024\/11\/20241105_110625-scaled-300x225.jpg\" alt=\"\" width=\"300\" height=\"225\" srcset=\"https:\/\/aeal.edu.pt\/portal\/wp-content\/uploads\/2024\/11\/20241105_110625-scaled-300x225.jpg 300w, https:\/\/aeal.edu.pt\/portal\/wp-content\/uploads\/2024\/11\/20241105_110625-scaled-1024x768.jpg 1024w\" sizes=\"(max-width: 300px) 100vw, 300px\" \/> <img loading=\"lazy\" decoding=\"async\" class=\"alignnone size-medium wp-image-7566\" src=\"http:\/\/aeal.edu.pt\/portal\/wp-content\/uploads\/2024\/11\/1730804891711-scaled-300x226.jpg\" alt=\"\" width=\"300\" height=\"226\" srcset=\"https:\/\/aeal.edu.pt\/portal\/wp-content\/uploads\/2024\/11\/1730804891711-scaled-300x226.jpg 300w, https:\/\/aeal.edu.pt\/portal\/wp-content\/uploads\/2024\/11\/1730804891711-scaled-1024x771.jpg 1024w\" sizes=\"(max-width: 300px) 100vw, 300px\" \/> <img loading=\"lazy\" decoding=\"async\" class=\"alignnone size-medium wp-image-7564\" src=\"http:\/\/aeal.edu.pt\/portal\/wp-content\/uploads\/2024\/11\/20241105_110544-scaled-225x300.jpg\" alt=\"\" width=\"225\" height=\"300\" srcset=\"https:\/\/aeal.edu.pt\/portal\/wp-content\/uploads\/2024\/11\/20241105_110544-scaled-225x300.jpg 225w, https:\/\/aeal.edu.pt\/portal\/wp-content\/uploads\/2024\/11\/20241105_110544-scaled-768x1024.jpg 768w, https:\/\/aeal.edu.pt\/portal\/wp-content\/uploads\/2024\/11\/20241105_110544-scaled.jpg 1920w\" sizes=\"(max-width: 225px) 100vw, 225px\" \/><\/p>\n","protected":false},"excerpt":{"rendered":"<p>Esta iniciativa procura alertar e sensibilizar a popula\u00e7\u00e3o para o risco s\u00edsmico e para a import\u00e2ncia de comportamentos simples que os cidad\u00e3os devem adotar em caso de sismo, mas que podem salvar vidas. Tem a dura\u00e7\u00e3o de apenas 1 minuto, durante o qual os participantes&nbsp;<a href=\"https:\/\/aeal.edu.pt\/portal\/exercicio-publico-de-sensibilizacao-para-o-risco-sismico-a-terra-treme\/\">&hellip;<\/a><\/p>\n","protected":false},"author":1,"featured_media":7562,"comment_status":"closed","ping_status":"open","sticky":false,"template":"","format":"standard","meta":{"footnotes":""},"categories":[1],"tags":[],"class_list":["post-7561","post","type-post","status-publish","format-standard","has-post-thumbnail","hentry","category-desporto-escolar","odd"],"_links":{"self":[{"href":"https:\/\/aeal.edu.pt\/portal\/wp-json\/wp\/v2\/posts\/7561","targetHints":{"allow":["GET"]}}],"collection":[{"href":"https:\/\/aeal.edu.pt\/portal\/wp-json\/wp\/v2\/posts"}],"about":[{"href":"https:\/\/aeal.edu.pt\/portal\/wp-json\/wp\/v2\/types\/post"}],"author":[{"embeddable":true,"href":"https:\/\/aeal.edu.pt\/portal\/wp-json\/wp\/v2\/users\/1"}],"replies":[{"embeddable":true,"href":"https:\/\/aeal.edu.pt\/portal\/wp-json\/wp\/v2\/comments?post=7561"}],"version-history":[{"count":4,"href":"https:\/\/aeal.edu.pt\/portal\/wp-json\/wp\/v2\/posts\/7561\/revisions"}],"predecessor-version":[{"id":7574,"href":"https:\/\/aeal.edu.pt\/portal\/wp-json\/wp\/v2\/posts\/7561\/revisions\/7574"}],"wp:featuredmedia":[{"embeddable":true,"href":"https:\/\/aeal.edu.pt\/portal\/wp-json\/wp\/v2\/media\/7562"}],"wp:attachment":[{"href":"https:\/\/aeal.edu.pt\/portal\/wp-json\/wp\/v2\/media?parent=7561"}],"wp:term":[{"taxonomy":"category","embeddable":true,"href":"https:\/\/aeal.edu.pt\/portal\/wp-json\/wp\/v2\/categories?post=7561"},{"taxonomy":"post_tag","embeddable":true,"href":"https:\/\/aeal.edu.pt\/portal\/wp-json\/wp\/v2\/tags?post=7561"}],"curies":[{"name":"wp","href":"https:\/\/api.w.org\/{rel}","templated":true}]}}