{"id":7608,"date":"2024-12-18T12:00:10","date_gmt":"2024-12-18T12:00:10","guid":{"rendered":"https:\/\/aeal.edu.pt\/portal\/?p=7608"},"modified":"2024-12-18T12:00:10","modified_gmt":"2024-12-18T12:00:10","slug":"uma-turma-um-cabaz-acao-solidaria-do-agrupamento","status":"publish","type":"post","link":"https:\/\/aeal.edu.pt\/portal\/uma-turma-um-cabaz-acao-solidaria-do-agrupamento\/","title":{"rendered":"Uma Turma, Um Cabaz: A\u00e7\u00e3o Solid\u00e1ria do Agrupamento"},"content":{"rendered":"<p>O Agrupamento de Escolas Amato Lusitano voltou a organizar, este ano, a iniciativa solid\u00e1ria \u201cUma Turma, Um Cabaz\u201d, com o objetivo de recolher alimentos para apoiar as fam\u00edlias carenciadas. Esta a\u00e7\u00e3o envolveu toda a comunidade escolar, desde os alunos e professores at\u00e9 aos encarregados de educa\u00e7\u00e3o e funcion\u00e1rios.<\/p>\n<p>A campanha, que j\u00e1 se tornou uma tradi\u00e7\u00e3o no agrupamento, superou todas as expectativas, com um n\u00famero recorde de alimentos angariados. Cada turma mobilizou-se para contribuir com um cabaz recheado de bens essenciais e outros produtos de primeira necessidade.<\/p>\n<p>Os cabazes ser\u00e3o agora distribu\u00eddos a fam\u00edlias em situa\u00e7\u00e3o de vulnerabilidade, proporcionando-lhes um Natal mais digno e reconfortante.<\/p>\n","protected":false},"excerpt":{"rendered":"<p>O Agrupamento de Escolas Amato Lusitano voltou a organizar, este ano, a iniciativa solid\u00e1ria \u201cUma Turma, Um Cabaz\u201d, com o objetivo de recolher alimentos para apoiar as fam\u00edlias carenciadas. Esta a\u00e7\u00e3o envolveu toda a comunidade escolar, desde os alunos e professores at\u00e9 aos encarregados de&nbsp;<a href=\"https:\/\/aeal.edu.pt\/portal\/uma-turma-um-cabaz-acao-solidaria-do-agrupamento\/\">&hellip;<\/a><\/p>\n","protected":false},"author":1,"featured_media":7609,"comment_status":"closed","ping_status":"open","sticky":false,"template":"","format":"standard","meta":{"footnotes":""},"categories":[1],"tags":[],"class_list":["post-7608","post","type-post","status-publish","format-standard","has-post-thumbnail","hentry","category-desporto-escolar","odd"],"_links":{"self":[{"href":"https:\/\/aeal.edu.pt\/portal\/wp-json\/wp\/v2\/posts\/7608","targetHints":{"allow":["GET"]}}],"collection":[{"href":"https:\/\/aeal.edu.pt\/portal\/wp-json\/wp\/v2\/posts"}],"about":[{"href":"https:\/\/aeal.edu.pt\/portal\/wp-json\/wp\/v2\/types\/post"}],"author":[{"embeddable":true,"href":"https:\/\/aeal.edu.pt\/portal\/wp-json\/wp\/v2\/users\/1"}],"replies":[{"embeddable":true,"href":"https:\/\/aeal.edu.pt\/portal\/wp-json\/wp\/v2\/comments?post=7608"}],"version-history":[{"count":1,"href":"https:\/\/aeal.edu.pt\/portal\/wp-json\/wp\/v2\/posts\/7608\/revisions"}],"predecessor-version":[{"id":7610,"href":"https:\/\/aeal.edu.pt\/portal\/wp-json\/wp\/v2\/posts\/7608\/revisions\/7610"}],"wp:featuredmedia":[{"embeddable":true,"href":"https:\/\/aeal.edu.pt\/portal\/wp-json\/wp\/v2\/media\/7609"}],"wp:attachment":[{"href":"https:\/\/aeal.edu.pt\/portal\/wp-json\/wp\/v2\/media?parent=7608"}],"wp:term":[{"taxonomy":"category","embeddable":true,"href":"https:\/\/aeal.edu.pt\/portal\/wp-json\/wp\/v2\/categories?post=7608"},{"taxonomy":"post_tag","embeddable":true,"href":"https:\/\/aeal.edu.pt\/portal\/wp-json\/wp\/v2\/tags?post=7608"}],"curies":[{"name":"wp","href":"https:\/\/api.w.org\/{rel}","templated":true}]}}